{"id":13922,"date":"2016-07-19T00:56:39","date_gmt":"2016-07-18T21:56:39","guid":{"rendered":"http:\/\/akincilardergisi.com\/dergi\/?p=13922"},"modified":"2023-11-07T11:28:44","modified_gmt":"2023-11-07T08:28:44","slug":"saman-alevi-gibi-darbe","status":"publish","type":"post","link":"https:\/\/akincilardergisi.com\/tr\/saman-alevi-gibi-darbe\/","title":{"rendered":"SAMAN alevi gibi DARBE"},"content":{"rendered":"<p class=\"x_MsoNormal\" style=\"text-align: left\" align=\"center\"><span style=\"line-height: 115%;font-family: 'Palatino Linotype','serif';font-size: 12pt\">Birilerinin \u00e7ocuklar\u0131, iyi alile \u00e7ocuklar\u0131, alt\u0131n nesilciler, \u00f6nden giden atl\u0131lar sonunda yapacaklar\u0131n\u0131 yapt\u0131lar. Yunan g\u00e2vurunun yapmad\u0131\u011f\u0131n\u0131 yapt\u0131lar ve meclisi bombalad\u0131lar. \u00dclkeyi kimin ad\u0131na ele ge\u00e7ireceklerdi? Pensilvanya\u2019daki iblis ad\u0131na m\u0131? Onun a\u011fa babalar\u0131 ad\u0131na m\u0131? Nedir bu co\u011frafyan\u0131n hainlerden \u00e7ekti\u011fi? Bin y\u0131ld\u0131r vatan k\u0131lmaya \u00e7al\u0131\u015ft\u0131\u011f\u0131m\u0131z bu co\u011frafya, i\u00e7imizdeki hainler taraf\u0131ndan bizlere dar edilmek istenmektedir. Her y\u00f6n\u00fcyle m\u00fcmbit olan Anadolu hainler a\u00e7\u0131s\u0131ndan da m\u00fcmbittir. Hi\u00e7bir zaman ve hi\u00e7bir d\u00f6nemde hain k\u0131tl\u0131\u011f\u0131 \u00e7ekilmemi\u015ftir. <\/span><\/p>\n<p class=\"x_MsoNormal\" style=\"text-align: justify\"><span style=\"line-height: 115%;font-family: 'Palatino Linotype','serif';font-size: 12pt\">Aziz milletimiz, g\u00fczel insan\u0131m\u0131z, adam gibi adam vatanda\u015flar\u0131m\u0131z sayesinde darbe p\u00fcsk\u00fcrt\u00fclm\u00fc\u015ft\u00fcr. Darbe yapanlara darbe yapan tek millet olarak tarihe ge\u00e7meyi ba\u015farm\u0131\u015f bir milletin mensubu olmaktan onur duymamak m\u00fcmk\u00fcn de\u011fildir. T\u00fcm hainlere ra\u011fmen bu m\u00fcbarek topraklarda ya\u015famak bir ayr\u0131cal\u0131kt\u0131r. Bu Allah\u2019s\u0131z, insan ve insanl\u0131k d\u00fc\u015fmanlar\u0131n\u0131n bu \u00fclkeyi terk etmesi gerekmektedir. Ba\u015f\u0131n\u0131z nerede ya\u015f\u0131yorsa, nereye ba\u011fl\u0131ysa, kimin tasmas\u0131n\u0131 ta\u015f\u0131yorsa, kime sadakat g\u00f6steriyorsa gidin orada ya\u015fay\u0131n. Gidece\u011finiz yer b\u00fcy\u00fck g\u00e2vurlar\u0131n ya\u015fad\u0131\u011f\u0131 yerdir. D\u00fc\u015f\u00fcn bu topraklardan, d\u00fc\u015f\u00fcn bu topra\u011f\u0131n g\u00fczel insanlar\u0131n\u0131n yakas\u0131ndan. Bu topraklar M\u00fcsl\u00fcmanlar\u0131n, M\u00fcsl\u00fcman olmayanlar\u0131n, \u015fucu olanlar\u0131n, bucu olanlar\u0131n, kim kendisini nas\u0131l ifade ediyorsa \u00f6yle olanlar\u0131n da vatan\u0131d\u0131r. Ama asla hainlerin vatan\u0131 de\u011fildir. Bu topraklar inanan, inanmayan herkese vatan olur; fakat asla hainlere vatan olamaz, olamaz. Bunlar\u0131n M\u00fcsl\u00fcmanl\u0131kla asla alakas\u0131 olamaz. Din kisvesi alt\u0131nda sinsi bir ter\u00f6r \u00f6rg\u00fct\u00fc oldu\u011fu g\u00fcn gibi ortaya \u00e7\u0131km\u0131\u015ft\u0131r. Bu topra\u011f\u0131n masum insan\u0131na kur\u015fun s\u0131kman\u0131n, \u00fczerine tank s\u00fcrmenin nas\u0131l bir izah\u0131 olabilir? Filmlerde g\u00f6rd\u00fc\u011f\u00fcm\u00fcz hava sald\u0131r\u0131lar\u0131n\u0131n ayn\u0131s\u0131n\u0131n bu aziz millete yap\u0131lmas\u0131n\u0131n izah\u0131 olabilir mi? Bunlar y\u0131llarca dinden imandan bahsederek bu milleti kand\u0131rmad\u0131lar m\u0131? Dea\u015f\u2019tan bunlar\u0131n ne fark\u0131 var? F\u0131rsat\u0131n\u0131 bulsalar daha beterlerini yapmayacaklar\u0131n\u0131n garantisi var m\u0131? Milletin silah\u0131n\u0131, milletin tank\u0131n\u0131 onun aziz evlatlar\u0131n\u0131n \u00fczerine s\u00fcrenler hangi dinden, hangi inan\u00e7tan bahsediyorlar? \u0130nsanl\u0131ktan nasibini alamayanlar \u0130slam\u2019dan ne nasip alabilirler ki? Hangi \u0130slami \u00f6\u011freti b\u00f6yle bir hainli\u011fe cevaz verebilir ki? K\u0131rk y\u0131lda yeti\u015ftirdi\u011finiz hainlerin darbe giri\u015fimi bin y\u0131ld\u0131r bu topraklar\u0131 vatan k\u0131lmak i\u00e7in m\u00fccadele eden aziz milletimiz taraf\u0131ndan d\u00f6rt saatte p\u00fcsk\u00fcrt\u00fclm\u00fc\u015ft\u00fcr. Saman alevi gibi bir darbe(!) G\u00f6z\u00fcn\u00fcze girsin. Bunca hainlik ni\u00e7in ve kimin yarar\u0131na? De\u011fer miydi? <\/span><\/p>\n<p class=\"x_MsoNormal\" style=\"text-align: justify\"><span style=\"line-height: 115%;font-family: 'Palatino Linotype','serif';font-size: 12pt\">Diyanet \u0130\u015fleri Ba\u015fkanl\u0131\u011f\u0131m\u0131z\u0131n ezan ve sela okutarak milletimizin maneviyat\u0131n\u0131 y\u00fckseltti\u011fe \u015fahit olmak ayr\u0131ca bir mutluluktur. Bir zamanlar darbelerin susturdu\u011fu ezanlar bu kez darbecileri susturmak i\u00e7in semada yank\u0131land\u0131. Bunun i\u00e7in bile ne kadar \u015f\u00fckretsek azd\u0131r.<\/span><\/p>\n<p class=\"x_MsoNormal\" style=\"text-align: justify\"><span style=\"line-height: 115%;font-family: 'Palatino Linotype','serif';font-size: 12pt\">Y\u00fcz y\u0131l \u00f6nceki hainimiz(!) \u015ferif H\u00fcseyin geberene kadar Osmanl\u0131ya yapt\u0131\u011f\u0131 ihanetin ac\u0131s\u0131n\u0131 \u201cben ne yapt\u0131m ben yapt\u0131m\u201d diye inleyerek \u00e7ekmi\u015ftir. Bug\u00fcnk\u00fc hainimiz(!) \u015eerif Feto ise \u201cben niye yapamad\u0131m ben niye yapamad\u0131m\u201d diye inlemektedir. Milletimize k\u00f6t\u00fcl\u00fck ettiniz, fenal\u0131k ettiniz, hainlik ettiniz. K\u00f6t\u00fcl\u00fc\u011f\u00fcn\u00fczde, fenal\u0131\u011f\u0131n\u0131zda ve hainli\u011finizde debelenip durun, yok olun gidin. Ya\u015fas\u0131n B\u00fcy\u00fck T\u00fcrkiye karde\u015fli\u011fi, kahrolsun hainler.<\/span><\/p>\n<p class=\"x_MsoNormal\" style=\"text-align: justify\"><span style=\"line-height: 115%;font-family: 'Palatino Linotype','serif';font-size: 12pt\">\u00a0<\/span><\/p>\n<p class=\"x_MsoNormal\" style=\"text-align: justify\"><b><span style=\"line-height: 115%;font-family: 'Tahoma','sans-serif';font-size: 20pt\">\u00d6mer Naci YILMAZ<\/span><\/b><\/p>\n","protected":false},"excerpt":{"rendered":"<p>Birilerinin \u00e7ocuklar\u0131, iyi alile \u00e7ocuklar\u0131, alt\u0131n nesilciler, \u00f6nden giden atl\u0131lar sonunda yapacaklar\u0131n\u0131 yapt\u0131lar. Yunan g\u00e2vurunun yapmad\u0131\u011f\u0131n\u0131 yapt\u0131lar ve meclisi bombalad\u0131lar. \u00dclkeyi kimin ad\u0131na ele ge\u00e7ireceklerdi? Pensilvanya\u2019daki iblis ad\u0131na m\u0131? Onun a\u011fa babalar\u0131 ad\u0131na m\u0131? Nedir bu co\u011frafyan\u0131n hainlerden \u00e7ekti\u011fi? Bin y\u0131ld\u0131r vatan k\u0131lmaya \u00e7al\u0131\u015ft\u0131\u011f\u0131m\u0131z bu co\u011frafya, i\u00e7imizdeki hainler taraf\u0131ndan bizlere dar edilmek istenmektedir. Her y\u00f6n\u00fcyle &hellip;<\/p>\n","protected":false},"author":26,"featured_media":48521,"comment_status":"open","ping_status":"open","sticky":false,"template":"","format":"standard","meta":{"om_disable_all_campaigns":false,"_themeisle_gutenberg_block_has_review":false,"_joinchat":[],"footnotes":""},"categories":[38,54,43],"tags":[],"class_list":["post-13922","post","type-post","status-publish","format-standard","has-post-thumbnail","","category-guncel","category-omer","category-yazarlar"],"_links":{"self":[{"href":"https:\/\/akincilardergisi.com\/tr\/wp-json\/wp\/v2\/posts\/13922","targetHints":{"allow":["GET"]}}],"collection":[{"href":"https:\/\/akincilardergisi.com\/tr\/wp-json\/wp\/v2\/posts"}],"about":[{"href":"https:\/\/akincilardergisi.com\/tr\/wp-json\/wp\/v2\/types\/post"}],"author":[{"embeddable":true,"href":"https:\/\/akincilardergisi.com\/tr\/wp-json\/wp\/v2\/users\/26"}],"replies":[{"embeddable":true,"href":"https:\/\/akincilardergisi.com\/tr\/wp-json\/wp\/v2\/comments?post=13922"}],"version-history":[{"count":0,"href":"https:\/\/akincilardergisi.com\/tr\/wp-json\/wp\/v2\/posts\/13922\/revisions"}],"wp:featuredmedia":[{"embeddable":true,"href":"https:\/\/akincilardergisi.com\/tr\/wp-json\/wp\/v2\/media\/48521"}],"wp:attachment":[{"href":"https:\/\/akincilardergisi.com\/tr\/wp-json\/wp\/v2\/media?parent=13922"}],"wp:term":[{"taxonomy":"category","embeddable":true,"href":"https:\/\/akincilardergisi.com\/tr\/wp-json\/wp\/v2\/categories?post=13922"},{"taxonomy":"post_tag","embeddable":true,"href":"https:\/\/akincilardergisi.com\/tr\/wp-json\/wp\/v2\/tags?post=13922"}],"curies":[{"name":"wp","href":"https:\/\/api.w.org\/{rel}","templated":true}]}}