{"id":13554,"date":"2016-07-03T11:42:20","date_gmt":"2016-07-03T08:42:20","guid":{"rendered":"http:\/\/akincilardergisi.com\/dergi\/?p=13554"},"modified":"2023-11-05T15:47:00","modified_gmt":"2023-11-05T12:47:00","slug":"13554-2","status":"publish","type":"post","link":"https:\/\/akincilardergisi.com\/tr\/13554-2\/","title":{"rendered":"B\u0130R PROFES\u00d6R\u00dcN GAR\u0130P H\u0130KAYES\u0130"},"content":{"rendered":"<p>G\u00fcnlerden bir g\u00fcn T\u00fcrkiye\u2019den Amerika\u2019daki bir \u00fcniversiteye e\u011fitim vermek \u00fczere bir profes\u00f6r g\u00f6nderilir. Bu profes\u00f6r oradaki \u00f6\u011frencilerin tarih dersine girecektir. Ancak d\u00f6nemin bitimine bir aydan k\u0131sa bir s\u00fcre kalm\u0131\u015ft\u0131r.<\/p>\n<p>Profes\u00f6r \u00e7ok heyecanl\u0131d\u0131r. \u00c7\u00fcnk\u00fc yurtd\u0131\u015f\u0131ndaki ilk dersini i\u015fleyecektir.Bu heyecan ve \u015fevk ile s\u0131n\u0131fa gelir. Ancak kap\u0131dan girer girmez b\u00fcy\u00fck bir g\u00fcr\u00fclt\u00fcyle kar\u015f\u0131la\u015f\u0131r. Meslek hayat\u0131 boyuncas\u0131n\u0131f g\u00fcr\u00fclt\u00fclerine al\u0131\u015f\u0131k olmas\u0131na kar\u015f\u0131n, hayat\u0131nda ilk kez ba\u015fka bir \u00fclkede e\u011fitim verecek olmas\u0131 onu biraz \u00e7ekingen k\u0131lm\u0131\u015ft\u0131r \u00f6\u011frencilerinin \u00fczerinde&#8230;<\/p>\n<p>S\u0131n\u0131f\u0131 susturmaya \u00e7al\u0131\u015f\u0131r ancak bir t\u00fcrl\u00fc ba\u015faramaz. Bir ara kendi kendisine T\u00fcrk\u00e7e:<\/p>\n<ul>\n<li>\u201cOff, beni neden dinlemiyorlar ki?\u201d, diye s\u00f6ylenir.<\/li>\n<\/ul>\n<p>O esnada orta s\u0131ralardan elini kald\u0131ran bir bayan \u00f6\u011frenci s\u00f6z alarak:<\/p>\n<ul>\n<li>\u201cHocam, T\u00fcrk m\u00fcs\u00fcn\u00fcz?\u201d, der.<\/li>\n<\/ul>\n<p>Bizim profes\u00f6r b\u00fcy\u00fck bir sevin\u00e7le:<\/p>\n<ul>\n<li>\u201cEvet, T\u00fcrkiye\u2019den geldim. \u0130smin ne?\u201d der.<\/li>\n<\/ul>\n<p>Bayan \u00f6\u011frenci:<\/p>\n<ul>\n<li>\u201cMerve.\u201d diye cevap verir.<\/li>\n<\/ul>\n<p>Profes\u00f6r, Merve\u2019ye:<\/p>\n<ul>\n<li>Merve, g\u00f6r\u00fcyorum ki arkada\u015flar\u0131n beni dinlemeye pek niyetli de\u011filler. Onlar\u0131 bir de sen ikaz et. Yoksa bu gidi\u015fle ders i\u015fleyemeyece\u011fiz.\u201d der.<\/li>\n<\/ul>\n<p>Merve elini kald\u0131rarak \u0130ngilizce:<\/p>\n<ul>\n<li>\u201cArkada\u015flar, rica ediyorum biraz sayg\u0131 g\u00f6sterin. Hocam\u0131z T\u00fcrkiye\u2019den gelmi\u015f, onu dinleyelim.\u201d der.<\/li>\n<\/ul>\n<p>Arka s\u0131ralardan bir \u00f6\u011frenci:<\/p>\n<ul>\n<li>\u201cG\u00f6rm\u00fcyor musun? S\u00fcrekli John ve Allen konu\u015fuyor.\u201d diye itiraz eder.<\/li>\n<\/ul>\n<p>Bunu duyan profes\u00f6r, bu s\u00f6z\u00fc s\u00f6yleyen \u00f6\u011frencinin yan\u0131na giderek:<\/p>\n<ul>\n<li>\u201cSenin ismin ne?\u201d diye sorar.<\/li>\n<\/ul>\n<p>\u00d6\u011frenci biraz duraksayarak:<\/p>\n<ul>\n<li>\u201cCris.\u201d der.<\/li>\n<\/ul>\n<p>Profes\u00f6r, Cris\u2019e:<\/p>\n<ul>\n<li>\u201cBak Cris, e\u011fer birileri konu\u015fuyorsa ilk ba\u015fta onlar\u0131 sen uyarmal\u0131s\u0131n. E\u011fer seni dinlemiyorlarsa bana s\u00f6ylemelisin. Ben de dersi sabote ettikleri i\u00e7in gerekli prosed\u00fcrleri uygulayaca\u011f\u0131m.\u201d, der.<\/li>\n<\/ul>\n<p>Ve nihayet b\u00fct\u00fcn s\u0131n\u0131f ders bitene kadar susturulur. Merve\u2019nin de \u00e7aba g\u00f6stermesi profes\u00f6r\u00fcn \u00e7ok ho\u015funa gider ve haz\u0131r f\u0131rsat\u0131n\u0131 bulmu\u015fken:<\/p>\n<ul>\n<li>\u201cArkada\u015flar, Merve\u2019yi\u00a0 -e\u011fer kendisi de kabul ediyorsa- asistan\u0131m olarak g\u00f6revlendiriyorum. Bir sorununuz olursa ona s\u00f6yleyin, o bana iletir.\u201d der.<\/li>\n<\/ul>\n<p>Ders biter. Profes\u00f6r d\u0131\u015far\u0131 \u00e7\u0131kar \u00e7\u0131kmaz g\u00fcr\u00fclt\u00fc kald\u0131\u011f\u0131 yerden devam eder garip kahkahalar e\u015fli\u011finde&#8230; Profes\u00f6r bu kahkahalar\u0131n nedenini anlayamaz.<\/p>\n<p>Zaman ge\u00e7er, takvim yapraklar\u0131 d\u00f6k\u00fcl\u00fcr ve s\u0131nav d\u00f6nemi gelir. Profes\u00f6r, ilk g\u00fcnk\u00fc heyecanla \u00f6nceden haz\u0131rlad\u0131\u011f\u0131 s\u0131nav sorular\u0131n\u0131 yaz\u0131 tahtas\u0131na yazarak s\u0131nav\u0131 ba\u015flat\u0131r. \u00d6\u011frencilerini fazla yormamak ad\u0131na sorular\u0131 kolayyerlerdenhaz\u0131rlam\u0131\u015ft\u0131r. Haliyle \u00f6\u011frenciler de buna kar\u015f\u0131l\u0131k profes\u00f6re te\u015fekk\u00fcr ederek sorular\u0131 \u00e7\u00f6zmeye ba\u015flar.<\/p>\n<p>Profes\u00f6r, s\u0131nav\u0131 bitiminde asistan\u0131ndan ka\u011f\u0131tlar\u0131 toplamas\u0131n\u0131 ve kendisine getirmesini ister. Asistan an\u0131nda aya\u011fa kalkarak \u2013zaten \u00f6nceden bitirilmi\u015f s\u0131nav ka\u011f\u0131tlar\u0131n\u0131- arkada\u015flar\u0131ndan al\u0131r. Do\u011fru profes\u00f6r\u00fcn odas\u0131na g\u00f6t\u00fcr\u00fcr ve ka\u011f\u0131tlar\u0131 profes\u00f6re teslim eder.<\/p>\n<p>Profes\u00f6r iki g\u00fcn sonra T\u00fcrkiye\u2019ye u\u00e7acakt\u0131r ve onun niyeti s\u0131nav ka\u011f\u0131tlar\u0131n\u0131 hemen okuyup yol haz\u0131rl\u0131klar\u0131na bir an \u00f6nce ba\u015flamakt\u0131r.<\/p>\n<p>Asistan\u0131ndan s\u0131navka\u011f\u0131tlar\u0131n\u0131alan profes\u00f6r -her zaman yapt\u0131\u011f\u0131 gibi- s\u0131nav ka\u011f\u0131tlar\u0131n\u0131n isim k\u0131sm\u0131n\u0131 kapat\u0131r ve s\u0131nav sonu\u00e7lar\u0131n\u0131 okumaya ba\u015flar. Bunu yapmas\u0131n\u0131n sebebi, \u00f6\u011frencilerinin ismini g\u00f6r\u00fcp de onlara adaletsiz davranmas\u0131n diyedir. Ancak sonu\u00e7lar o kadar g\u00fczeldir ki puanlar 90 ile 100 aras\u0131 de\u011fi\u015fmektedir.<\/p>\n<p>Velhas\u0131l, puanlama k\u0131sm\u0131 bitmi\u015ftir ve s\u0131rada hangi \u00f6\u011frencinin ka\u00e7 puan ald\u0131\u011f\u0131n\u0131 sisteme girme i\u015flemi vard\u0131r. Ancak\u2026<\/p>\n<p>Profes\u00f6r, s\u0131nav puanlar\u0131n\u0131 sisteme girerken \u00f6\u011frencilerinin isimleri dikkatini \u00e7eker. \u0130simlerin hepsiT\u00fcrk\u00e7e\u2019dir; Ahmet S\u00f6nmez, Can Tanr\u0131verdi, Muhammet Seyfi\u2026 gibi.<\/p>\n<p>G\u00fcnlerdir hatta haftalard\u0131r Amerikal\u0131 bildi\u011fi \u00f6\u011frencileri T\u00fcrk \u00e7\u0131km\u0131\u015ft\u0131r. Profes\u00f6r \u015fa\u015fk\u0131nl\u0131k ve \u00f6fke kar\u0131\u015f\u0131m\u0131 i\u00e7inde bir duygu hisseder. \u2018Bunun kar\u015f\u0131l\u0131\u011f\u0131 verilmeli, yoksa b\u00f6yle giderse gelecekte i\u015fler \u00e7\u0131\u011f\u0131r\u0131ndan \u00e7\u0131kar.\u2019 diye d\u00fc\u015f\u00fcn\u00fcr.<\/p>\n<p>Profes\u00f6r, Merve\u2019ye yar\u0131n acilen b\u00fct\u00fcn s\u0131n\u0131f\u0131n bir araya gelmesi gerekti\u011fini, s\u0131nav sonu\u00e7lar\u0131nda bir sorun \u00e7\u0131kt\u0131\u011f\u0131n\u0131 s\u00f6yler. Merve de bunu arkada\u015flar\u0131na s\u00f6yleyerek ertesi g\u00fcn herkesi s\u0131n\u0131fa toplar.<\/p>\n<p>Herkesin geldi\u011fini g\u00f6ren profes\u00f6r elindeki s\u0131nav belgelerini \u00f6\u011frencilerine g\u00f6stererek:<\/p>\n<ul>\n<li>\u201cArkada\u015flar, hi\u00e7birinizin ismini bu ka\u011f\u0131tlarda bulamad\u0131m. Yanl\u0131\u015f ve \u00fcstelik dalga ge\u00e7er gibi T\u00fcrk\u00e7e isimler yazman\u0131zdan dolay\u0131 bu s\u0131nav tekrarlanacakt\u0131r!\u201d der.<\/li>\n<\/ul>\n<p>\u00d6\u011frenciler isyan ederler. Kimisi s\u0131raya vurarak, kimisi sesini y\u00fckselterek profes\u00f6re tepki g\u00f6sterir.<\/p>\n<p>Profes\u00f6r:<\/p>\n<ul>\n<li>Hi\u00e7 anlamam! Bunu yapmadan \u00f6nce d\u00fc\u015f\u00fcnseydiniz. Ayr\u0131ca T\u00fcrk\u00e7e isimler yazman\u0131z hi\u00e7 ho\u015f de\u011fil, sizin Amerikal\u0131 oldu\u011funuzu bilmesem inanacakt\u0131m neredeyse. O kadar g\u00fczel \u015feyler yazm\u0131\u015fs\u0131n\u0131z ki ka\u011f\u0131tlara\u2026<\/li>\n<\/ul>\n<p>\u00d6\u011frencilerden biri s\u00f6z alarak T\u00fcrk\u00e7e:<\/p>\n<ul>\n<li>\u201cProfes\u00f6r, biz de asl\u0131nda T\u00fcrkiye\u2019deniz. Sizinle hem\u015fehri say\u0131l\u0131r\u0131z. Ne olur bizi affedin, bir daha b\u00f6yle bir \u015fey olmayacak!\u201d der.<\/li>\n<\/ul>\n<p>Profes\u00f6r bu \u00f6\u011frenciyi an\u0131msamaya \u00e7al\u0131\u015farak:<\/p>\n<ul>\n<li>\u201cSen\u2026\u201d der ve devam eder \u201c SenCris de\u011fil miydin? Yoksa sana Can m\u0131 demeliyim?\u201d<\/li>\n<\/ul>\n<p>Cris, yani Can hi\u00e7bir \u015fey s\u00f6yleyemeyerek s\u0131ras\u0131na oturur. Profes\u00f6r de \u00f6\u011frencilerine yar\u0131n bir tekrar s\u0131nav\u0131 yapaca\u011f\u0131n\u0131 s\u00f6yler ve s\u0131n\u0131f\u0131 terk eder.<\/p>\n<p>Sabah olur ve s\u0131nav ba\u015flar. Profes\u00f6r \u00f6yle sorular haz\u0131rlam\u0131\u015ft\u0131r ki bu sorular\u0131n cevab\u0131 ne internet kaynaklar\u0131nda vard\u0131r ne de bug\u00fcne kadar bas\u0131m\u0131 yap\u0131lm\u0131\u015f tarih kitaplar\u0131nda\u2026<\/p>\n<p>\u00d6\u011frenciler kan ve ter i\u00e7erisinde s\u0131nav\u0131 tamamlamaya \u00e7al\u0131\u015f\u0131rken profes\u00f6r:<\/p>\n<ul>\n<li>\u201c Arkada\u015flar! T\u00fcrkiye\u2019den bir \u015fey isteyen olursa asistan\u0131ma iletsin. Ben haz\u0131rl\u0131klar\u0131m\u0131 yapmak \u00fczere s\u0131n\u0131ftan ayr\u0131l\u0131yorum. Ayr\u0131ca, sorular\u0131n cevaplar\u0131n\u0131 da bulursan\u0131z birbirinize s\u00f6ylemekten \u00e7ekinmeyin, hem\u015fehriyiz sonu\u00e7ta\u2026\u201d diyerek s\u0131n\u0131ftan ayr\u0131l\u0131r\u2026<\/li>\n<\/ul>\n<p>Selametle\u2026<\/p>\n","protected":false},"excerpt":{"rendered":"<p>G\u00fcnlerden bir g\u00fcn T\u00fcrkiye\u2019den Amerika\u2019daki bir \u00fcniversiteye e\u011fitim vermek \u00fczere bir profes\u00f6r g\u00f6nderilir. Bu profes\u00f6r oradaki \u00f6\u011frencilerin tarih dersine girecektir. Ancak d\u00f6nemin bitimine bir aydan k\u0131sa bir s\u00fcre kalm\u0131\u015ft\u0131r. Profes\u00f6r \u00e7ok heyecanl\u0131d\u0131r. \u00c7\u00fcnk\u00fc yurtd\u0131\u015f\u0131ndaki ilk dersini i\u015fleyecektir.Bu heyecan ve \u015fevk ile s\u0131n\u0131fa gelir. Ancak kap\u0131dan girer girmez b\u00fcy\u00fck bir g\u00fcr\u00fclt\u00fcyle kar\u015f\u0131la\u015f\u0131r. Meslek hayat\u0131 boyuncas\u0131n\u0131f g\u00fcr\u00fclt\u00fclerine &hellip;<\/p>\n","protected":false},"author":5,"featured_media":48521,"comment_status":"open","ping_status":"open","sticky":false,"template":"","format":"standard","meta":{"om_disable_all_campaigns":false,"_themeisle_gutenberg_block_has_review":false,"_joinchat":[],"footnotes":""},"categories":[51,38,43],"tags":[],"class_list":["post-13554","post","type-post","status-publish","format-standard","has-post-thumbnail","","category-ayhan","category-guncel","category-yazarlar"],"_links":{"self":[{"href":"https:\/\/akincilardergisi.com\/tr\/wp-json\/wp\/v2\/posts\/13554","targetHints":{"allow":["GET"]}}],"collection":[{"href":"https:\/\/akincilardergisi.com\/tr\/wp-json\/wp\/v2\/posts"}],"about":[{"href":"https:\/\/akincilardergisi.com\/tr\/wp-json\/wp\/v2\/types\/post"}],"author":[{"embeddable":true,"href":"https:\/\/akincilardergisi.com\/tr\/wp-json\/wp\/v2\/users\/5"}],"replies":[{"embeddable":true,"href":"https:\/\/akincilardergisi.com\/tr\/wp-json\/wp\/v2\/comments?post=13554"}],"version-history":[{"count":0,"href":"https:\/\/akincilardergisi.com\/tr\/wp-json\/wp\/v2\/posts\/13554\/revisions"}],"wp:featuredmedia":[{"embeddable":true,"href":"https:\/\/akincilardergisi.com\/tr\/wp-json\/wp\/v2\/media\/48521"}],"wp:attachment":[{"href":"https:\/\/akincilardergisi.com\/tr\/wp-json\/wp\/v2\/media?parent=13554"}],"wp:term":[{"taxonomy":"category","embeddable":true,"href":"https:\/\/akincilardergisi.com\/tr\/wp-json\/wp\/v2\/categories?post=13554"},{"taxonomy":"post_tag","embeddable":true,"href":"https:\/\/akincilardergisi.com\/tr\/wp-json\/wp\/v2\/tags?post=13554"}],"curies":[{"name":"wp","href":"https:\/\/api.w.org\/{rel}","templated":true}]}}