{"id":13485,"date":"2016-06-28T00:47:51","date_gmt":"2016-06-27T21:47:51","guid":{"rendered":"http:\/\/akincilardergisi.com\/dergi\/?p=13485"},"modified":"2023-11-05T13:43:40","modified_gmt":"2023-11-05T10:43:40","slug":"israil-turkiye-normallesmesi","status":"publish","type":"post","link":"https:\/\/akincilardergisi.com\/tr\/israil-turkiye-normallesmesi\/","title":{"rendered":"\u0130SRA\u0130L T\u00dcRK\u0130YE NORMALLE\u015eMES\u0130"},"content":{"rendered":"<div>\n<div>\n<div class=\"_1mf _1mj\"><strong>\u00a0<\/strong><\/div>\n<\/div>\n<div>\n<div class=\"_1mf _1mj\">\u00dclkeler aras\u0131ndaki diplomaside k\u00fcsmek, dar\u0131lmak, kindarl\u0131k yapmak,gerilimi s\u00fcrd\u00fcrmek, her\u015feye s\u00fcrekli &#8221;Hay\u0131r&#8221; demek gibi bir gelenek ve usul yoktur.Olamaz, olmamal\u0131d\u0131r da.<\/div>\n<\/div>\n<div><\/div>\n<div>\n<div class=\"_1mf _1mj\">Uluslararas\u0131 diplomasi ve d\u0131\u015f politikalar \u00e7\u0131karlar, menfaatler, maslahatlar ve o milletlerin ortak menfaatleri \u00fczerine y\u00fcr\u00fct\u00fcl\u00fcr. Her millet ve devlet d\u0131\u015f politikalar\u0131n\u0131 ulusal, b\u00f6lgesel veya hinterlandlar\u0131n\u0131 koruma ve kollama stratejileri \u00fczerine bina ederler.<\/div>\n<\/div>\n<div><\/div>\n<div>\n<div class=\"_1mf _1mj\">Mavi Marmara olay\u0131ndan sonra \u0130srail ile T\u00fcrkiye aras\u0131n\u0131n tarihte olmad\u0131\u011f\u0131 kadar gerilmesi, hatta sava\u015f durumuna gelebilecek tehlikeli pozisyonlara y\u00f6nelinmesi an meselesiyken akl\u0131 selim devreye girerek s\u00fcre\u00e7 bu zamana kadar mant\u0131kl\u0131 bir politika ile s\u00fcrd\u00fcr\u00fcld\u00fc.<\/div>\n<\/div>\n<div><\/div>\n<div>\n<div class=\"_1mf _1mj\">\u015eimdi k\u0131smen de olsa T\u00fcrkiyenin \u00f6ne s\u00fcrd\u00fc\u011f\u00fc \u015fartlar israil taraf\u0131ndan kabul edilerek normalle\u015fmeye d\u00f6n\u00fcld\u00fc. D\u00f6rt taraf\u0131 d\u00fc\u015fmanlarla \u00e7evrili bir T\u00fcrkiyenin ne \u00fclkemiz, ne b\u00f6lgemiz ve ne de \u00fcmmetin gelece\u011fi i\u00e7in fayda getirmeyece\u011fi belli idi.<\/div>\n<\/div>\n<div><\/div>\n<div>\n<div class=\"_1mf _1mj\">\u00c7\u00fcnk\u00fc; ne m\u00fcttefikimiz (!) ABD, ne dost bildi\u011fimiz Avrupal\u0131 devletler, ne kom\u015fumuz (!) \u0130ran ve Rusya bizim y\u00fczde binbe\u015fy\u00fcz hakl\u0131 oldu\u011fumuz bir davada bizi de\u011fil \u0130srailin taraf\u0131n\u0131 tutaca\u011f\u0131 muhakkakt\u0131.<\/div>\n<\/div>\n<div><\/div>\n<div>\n<div class=\"_1mf _1mj\">\u0130srail ile aram\u0131zda \u00e7\u0131kacak bir sava\u015fta bizi kim destekleyecekti? Bize kim yard\u0131m edecekti? Kim bizim taraf\u0131m\u0131zda g\u00f6lge olmak isteyecekti? Amerika m\u0131, Almanya m\u0131, Fransa m\u0131,\u0130ngiltere mi, M\u0131s\u0131r m\u0131, \u0130ran m\u0131 &#8230;kim? Bunlar\u0131n hepsi \u0130srailin yan\u0131nda kar\u015f\u0131m\u0131zda yer alaca\u011f\u0131n\u0131 da\u011fdaki kargalar bile bilir.<\/div>\n<\/div>\n<div><\/div>\n<div>\n<div class=\"_1mf _1mj\">Biz 10 y\u0131ld\u0131r k\u00fcllerinden canlanan, yeni yeni aya\u011fa kalkan, uyanan ve dirili\u015f hamleleri yapan bir milletiz.Olmadan, olgunla\u015fmadan, haz\u0131rlanmadan, haz\u0131r olmadan sa\u011fa sola kafa tutup efelik yapacak bir konum ve durumda de\u011filiz.G\u00fc\u00e7lenme s\u00fcrecindeyiz.<\/div>\n<\/div>\n<div><\/div>\n<div>\n<div class=\"_1mf _1mj\">Ba\u015far\u0131l\u0131 olamayaca\u011f\u0131m\u0131z er meydanlar\u0131na \u00e7\u0131kmam\u0131z\u0131n bir anlam\u0131 ve getirisi yok. Belki \u00e7ok b\u00fcy\u00fck g\u00f6t\u00fcr\u00fcs\u00fc ve y\u0131k\u0131m\u0131 olacakt\u0131r.Ak\u0131ll\u0131 ve mant\u0131kl\u0131 hareket etmek zorunday\u0131z.<\/div>\n<\/div>\n<div><\/div>\n<div>\n<div class=\"_1mf _1mj\">Olmadan, olgunla\u015fmadan, d\u00fc\u015fmanlar\u0131m\u0131z\u0131 yenebilecek bir g\u00fcce eri\u015fmeden \u00e7\u0131lg\u0131nca d\u00fc\u015fmanla sava\u015fa girmek vatan\u0131m\u0131za milletimize ve \u00fcmmete ac\u0131, zarar ve s\u0131k\u0131nt\u0131dan ba\u015fka bir \u015fey kazand\u0131rmaz.<\/div>\n<\/div>\n<div><\/div>\n<div>\n<div class=\"_1mf _1mj\">Atalar\u0131m\u0131z; &#8221;Haz\u0131r ol cenge ister isen sulhu salah&#8221; diyerek bize bu konuda nas\u0131l davranaca\u011f\u0131m\u0131z\u0131 k\u0131sa ve \u00f6z olarak \u00f6zetlemi\u015flerdir.<\/div>\n<\/div>\n<div><\/div>\n<div>\n<div class=\"_1mf _1mj\">Kenardan k\u00f6\u015feden H\u00fck\u00fcmeti ele\u015ftiri ya\u011fmuruna tutanlar, ileri geri laf edenlere de s\u00f6ylenecek bir s\u00f6z\u00fcm\u00fcz var. Bekara kar\u0131 bo\u015famnak kolay gelir. Davlet y\u00f6netmek ak\u0131l, mant\u0131k, \u00f6l\u00e7\u00fc,istikamet , tarihten bilinci ve gelece\u011fi iyi okumak gerektirir.<\/div>\n<\/div>\n<div><\/div>\n<div>\n<div class=\"_1mf _1mj\">\u0130sraile kar\u015f\u0131 d\u00fc\u015fman olmam\u0131z akl\u0131m\u0131z\u0131 ba\u015f\u0131m\u0131zdan almaml\u0131, daha mant\u0131kl\u0131, daha islami, daha ciddi d\u00fc\u015f\u00fcnmemize ve hareket etmemize sebep olmal\u0131d\u0131r.<\/div>\n<\/div>\n<div><\/div>\n<div>\n<div class=\"_1mf _1mj\">E\u011fer israille g\u00f6r\u00fclecek bir hesab\u0131m\u0131z varsa \u00f6nce \u00fclkemizdeki israil uzant\u0131lar\u0131yla, yanda\u015flar\u0131yla ve yalakalar\u0131yla hesapla\u015fmal\u0131y\u0131z. Kalenin i\u00e7i \u00e7\u00fcr\u00fck iken d\u0131\u015far\u0131ya kar\u015f\u0131 ba\u015far\u0131l\u0131 olmam\u0131z m\u00fcmk\u00fcn de\u011fil.<\/div>\n<\/div>\n<\/div>\n","protected":false},"excerpt":{"rendered":"<p>\u00a0 \u00dclkeler aras\u0131ndaki diplomaside k\u00fcsmek, dar\u0131lmak, kindarl\u0131k yapmak,gerilimi s\u00fcrd\u00fcrmek, her\u015feye s\u00fcrekli &#8221;Hay\u0131r&#8221; demek gibi bir gelenek ve usul yoktur.Olamaz, olmamal\u0131d\u0131r da. Uluslararas\u0131 diplomasi ve d\u0131\u015f politikalar \u00e7\u0131karlar, menfaatler, maslahatlar ve o milletlerin ortak menfaatleri \u00fczerine y\u00fcr\u00fct\u00fcl\u00fcr. Her millet ve devlet d\u0131\u015f politikalar\u0131n\u0131 ulusal, b\u00f6lgesel veya hinterlandlar\u0131n\u0131 koruma ve kollama stratejileri \u00fczerine bina ederler. Mavi Marmara &hellip;<\/p>\n","protected":false},"author":2,"featured_media":48521,"comment_status":"open","ping_status":"open","sticky":false,"template":"","format":"standard","meta":{"om_disable_all_campaigns":false,"_themeisle_gutenberg_block_has_review":false,"_joinchat":[],"footnotes":""},"categories":[49,38,43],"tags":[],"class_list":["post-13485","post","type-post","status-publish","format-standard","has-post-thumbnail","","category-arif","category-guncel","category-yazarlar"],"_links":{"self":[{"href":"https:\/\/akincilardergisi.com\/tr\/wp-json\/wp\/v2\/posts\/13485","targetHints":{"allow":["GET"]}}],"collection":[{"href":"https:\/\/akincilardergisi.com\/tr\/wp-json\/wp\/v2\/posts"}],"about":[{"href":"https:\/\/akincilardergisi.com\/tr\/wp-json\/wp\/v2\/types\/post"}],"author":[{"embeddable":true,"href":"https:\/\/akincilardergisi.com\/tr\/wp-json\/wp\/v2\/users\/2"}],"replies":[{"embeddable":true,"href":"https:\/\/akincilardergisi.com\/tr\/wp-json\/wp\/v2\/comments?post=13485"}],"version-history":[{"count":0,"href":"https:\/\/akincilardergisi.com\/tr\/wp-json\/wp\/v2\/posts\/13485\/revisions"}],"wp:featuredmedia":[{"embeddable":true,"href":"https:\/\/akincilardergisi.com\/tr\/wp-json\/wp\/v2\/media\/48521"}],"wp:attachment":[{"href":"https:\/\/akincilardergisi.com\/tr\/wp-json\/wp\/v2\/media?parent=13485"}],"wp:term":[{"taxonomy":"category","embeddable":true,"href":"https:\/\/akincilardergisi.com\/tr\/wp-json\/wp\/v2\/categories?post=13485"},{"taxonomy":"post_tag","embeddable":true,"href":"https:\/\/akincilardergisi.com\/tr\/wp-json\/wp\/v2\/tags?post=13485"}],"curies":[{"name":"wp","href":"https:\/\/api.w.org\/{rel}","templated":true}]}}