{"id":13441,"date":"2016-06-27T00:53:33","date_gmt":"2016-06-26T21:53:33","guid":{"rendered":"http:\/\/akincilardergisi.com\/dergi\/?p=13441"},"modified":"2023-11-05T13:43:41","modified_gmt":"2023-11-05T10:43:41","slug":"almanya","status":"publish","type":"post","link":"https:\/\/akincilardergisi.com\/tr\/almanya\/","title":{"rendered":"ALMANYA"},"content":{"rendered":"<p>Kendini Roma-Cermen \u0130mparatorlu\u011funun varisi kabul eder.<\/p>\n<p>Osmanl\u0131 ve \u0130slam d\u00fcnyas\u0131na kar\u015f\u0131 y\u00fcr\u00fct\u00fclen HA\u00c7LI seferlerinin hemen hepsine kat\u0131lm\u0131\u015ft\u0131r.<\/p>\n<p>Almanya<\/p>\n<p>Fatih Sultan Mehmed \u2019in \u0130stanbul\u2019u fethederek<\/p>\n<p>Do\u011fu Roma (Bizans) \u0130mparatorlu\u011funu tarihe g\u00f6mmesinin unutmaz.<\/p>\n<p>Her f\u0131rsatta bunun intikam\u0131n\u0131 almak i\u00e7in f\u0131rsat kollam\u0131\u015ft\u0131r.<\/p>\n<p>\u015eu anda bile<\/p>\n<p>Suri\u00e7i\u2019 inde VAT\u0130KAN gibi bir B\u0130ZANS devletinin kurulmas\u0131 i\u00e7in \u00e7al\u0131\u015fmalar yapmaktad\u0131r.<\/p>\n<p>Ancak<\/p>\n<p>Bu \u00e7al\u0131\u015fmalar uzun vadeye yay\u0131ld\u0131\u011f\u0131 i\u00e7in vatanda\u015f\u0131n g\u00f6rme ihtimali yoktur.<\/p>\n<p>&nbsp;<\/p>\n<p>Almanya bu i\u015f i\u00e7in \u00e7ok ciddi ve \u00e7ok derinden \u00e7al\u0131\u015f\u0131r.<\/p>\n<p>Patrikhane\u2019nin \u00f6zel stat\u00fcye kavu\u015fmas\u0131n\u0131 sa\u011flam\u0131\u015ft\u0131r.<\/p>\n<p>Fener Patri\u011finin Lozan Antla\u015fmas\u0131na g\u00f6re Ey\u00fcp Kaymakam\u0131ndan veya \u015fimdi Fatih Kaymakam\u0131ndan izin almadan yurt d\u0131\u015f\u0131na bile \u00e7\u0131kamaz.<\/p>\n<p>H\u00e2lbuki<\/p>\n<p>Patrik sadece istedi\u011fi zaman \u00e7\u0131kmakla kalm\u0131yor, T\u00fcrkiye\u2019nin tan\u0131mad\u0131\u011f\u0131 Ek\u00fcmeniklik hakk\u0131n\u0131 kulland\u0131\u011f\u0131 gibi, yurt d\u0131\u015f\u0131 ziyaretlerde devlet ba\u015fkan\u0131 gibi kar\u015f\u0131lanmaktad\u0131r.<\/p>\n<p>Patri\u011fe bunlar\u0131 sa\u011flayan Almanya\u2019d\u0131r ama ortada g\u00f6r\u00fcnmez.<\/p>\n<p>Yine Patrikhane \u00e7evresinde<\/p>\n<p>\u00d6nemli miktarda gayrimenkul\u00fcn al\u0131m\u0131n\u0131 yapm\u0131\u015ft\u0131r. Bu gayrimenkuller ya bir \u015firket veya Alman mefk\u00fbresine hizmet eden TC vatanda\u015flar\u0131 taraf\u0131ndan sat\u0131n al\u0131nm\u0131\u015ft\u0131r.<\/p>\n<p>Ancak bu al\u0131mlarda Almanya yine ortada g\u00f6r\u00fcnmez.<\/p>\n<p>&nbsp;<\/p>\n<p>Patrikhane \u00e7evresinde bir\u00e7ok restorasyonlar yap\u0131lm\u0131\u015f ve bu restorasyonlarda Bizans eserleri korunarak \u00f6ne \u00e7\u0131kar\u0131lm\u0131\u015ft\u0131r.<\/p>\n<p>&nbsp;<\/p>\n<p>Almanya\u2019n\u0131n<\/p>\n<p>Suri\u00e7i b\u00f6lgesinde medfun bulunan B\u0130ZANS eserlerinin ortaya \u00e7\u0131kmas\u0131 i\u00e7in ciddi \u00e7al\u0131\u015fmalar\u0131 vard\u0131r.<\/p>\n<p>Hatta bu konudaki en kapsaml\u0131 \u00e7al\u0131\u015fma Almanya\u2019n\u0131nd\u0131r.<\/p>\n<p>Yay\u0131nlad\u0131klar\u0131 kitaplarda kaybolmu\u015f B\u0130ZANS eserlerinin yerleri tek tek i\u015faretlenmi\u015ftir.<\/p>\n<p>Osmanl\u0131 o eserlerin \u00fczerine Cami Mescit \u015eifahane \u0130maret vb. gibi yap\u0131lar\u0131 in\u015fa etmi\u015ftir.<\/p>\n<p>Cumhuriyet D\u00f6neminde<\/p>\n<p>Osmanl\u0131 eserlerinin izleri silindi\u011finde, Almanlar\u0131n bu kitaplar\u0131ndan istifade edilerek o \u0130slami eserler ortaya \u00e7\u0131kar\u0131lm\u0131\u015ft\u0131r.<\/p>\n<p>Yani<\/p>\n<p>Almanlar\u0131n \u00e7\u0131kard\u0131\u011f\u0131 kitaplarda bir yeri Bizans eseri olarak i\u015faretlemi\u015flerse, ayn\u0131 yerde Osmanl\u0131ya ait y\u0131k\u0131lm\u0131\u015f bir mescit vb. bir vak\u0131f eserinin oldu\u011fu muhakkakt\u0131r.<\/p>\n<p>&nbsp;<\/p>\n<p>Almanya kendisine muhta\u00e7 zay\u0131f bir T\u00dcRK\u0130YE arzulamaktad\u0131r.<\/p>\n<p>Daha do\u011frusu kendisine ba\u011f\u0131ml\u0131 bir T\u00fcrkiye ister.<\/p>\n<p>Ancak<\/p>\n<p>2. D\u00fcnya sava\u015f\u0131nda ald\u0131\u011f\u0131 a\u011f\u0131r yenilgi sonucunda bu hayalini uzun bir vadeye ertelemi\u015ftir.<\/p>\n<p>\u015eimdilik<\/p>\n<p>T\u00fcrkiye\u2019ye kar\u015f\u0131 y\u0131k\u0131c\u0131 faaliyetlerde bulunan \u00f6rg\u00fctlere (PKK gibi) destek vererek bu \u00e7al\u0131\u015fmalar\u0131n\u0131 y\u00fcr\u00fctmektedir.<\/p>\n<p>Almanya\u2019n\u0131n PKK\u2019ya parasal ve siyasal deste\u011fi olmasa bug\u00fcn PKK diye bir \u00f6rg\u00fctten bahsedilmezdi.<\/p>\n<p>&nbsp;<\/p>\n<p>G\u00fcneydo\u011fu\u2019da PKK\u2019ya kar\u015f\u0131 y\u00fcr\u00fct\u00fclen operasyonlarda bir\u00e7ok Alman Ajan\u0131 yakalanm\u0131\u015f s\u0131n\u0131r d\u0131\u015f\u0131 edilmi\u015ftir.<\/p>\n<p>PKK\u2019y\u0131 e\u011fiten ve askeri destek veren Alman subaylar\u0131 oldu\u011fu y\u00f6n\u00fcnde de ciddi istihbaratlar vard\u0131r. \u00d6ld\u00fcr\u00fclen PKK\u2019l\u0131lar aras\u0131nda \u00e7\u0131kan dok\u00fcmanlardan edinilen bilgilere g\u00f6re Alman parma\u011f\u0131 oldu\u011fu g\u00f6r\u00fclm\u00fc\u015ft\u00fcr.<\/p>\n<p>&nbsp;<\/p>\n<p>Gezi Park\u0131 g\u00f6sterileri s\u00fcrecinde T\u00fcrkiye\u2019nin kar\u0131\u015fmas\u0131 y\u00f6netim bo\u015flu\u011fu \u00e7\u0131karak g\u00fc\u00e7s\u00fcz bir \u00fclke olmam\u0131z i\u00e7in Alman medyas\u0131 \u00e7ok u\u011fra\u015ft\u0131.<\/p>\n<p>En basit bir olay\u0131 bile b\u00fcy\u00fcterek Avrupa kamuoyunu T\u00fcrkiye aleyhine \u00e7evirmek i\u00e7in b\u00fcy\u00fck \u00e7aba sarf etmi\u015ftir.<\/p>\n<p>&nbsp;<\/p>\n<p>100 YIL \u00d6NCE 100 YIL SONRA<\/p>\n<p>Almanya\u2019n\u0131n bize kar\u015f\u0131 b\u00fct\u00fcn bu d\u00fc\u015fmanl\u0131klar\u0131na ra\u011fmen; 100 y\u0131l \u00f6nceki gibi \u015fartlar bizi yan yana getirdi.<\/p>\n<p>Almanya uzun bir s\u00fcredir hayalini kurdu\u011fu Roma-Cermen \u0130mparatorlu\u011funun ihyas\u0131 i\u00e7in kalk\u0131\u015ft\u0131\u011f\u0131 sava\u015fta umdu\u011funu bulamay\u0131nca selameti Osmanl\u0131ya s\u0131\u011f\u0131nmakta bulmu\u015ftu.<\/p>\n<p>O s\u0131ralarda Padi\u015fah\u0131n h\u00fckm\u00fc b\u00fcy\u00fck oranda kalkm\u0131\u015f tarihi devaml\u0131l\u0131k inkitaya u\u011fram\u0131\u015ft\u0131.<\/p>\n<p>Devlet y\u00f6netiminde bulunan idarecilerin acull\u00fc\u011f\u00fc ve acemili\u011fi de eklenince Almanya\u2019n\u0131n bu manevras\u0131 fark edilmeyerek Osmanl\u0131y\u0131 sava\u015fa dahil ettiler.<\/p>\n<p>&nbsp;<\/p>\n<p>Bu sava\u015fla birlikte Osmanl\u0131 sava\u015fta b\u00fcy\u00fck ba\u015far\u0131lar g\u00f6stermesine ra\u011fmen (\u00c7anakkale, Gali\u00e7ya, Kut-ul Amare gibi) ba\u015fta bulunan acemi politikac\u0131lar y\u00fcz\u00fcnden ma\u011flup say\u0131ld\u0131k.<\/p>\n<p>Ve<\/p>\n<p>Osmanl\u0131 arkas\u0131nda b\u00fcy\u00fck bir \u015fan ve \u015feref b\u0131rakarak Tarih sahnesinden \u00e7ekildi.<\/p>\n<p>&nbsp;<\/p>\n<p>Almanya ise;<\/p>\n<p>Yar\u0131m kalan hayallerini tamamlamak \u00fczere \u00e7ok daha g\u00fc\u00e7l\u00fc bir \u015fekilde 2. D\u00fcnya Sava\u015f\u0131n\u0131 ba\u015flatt\u0131.<\/p>\n<p>Yine kaybetti.<\/p>\n<p>Ancak Almanya\u2019n\u0131n kayb\u0131 Osmanl\u0131lar\u0131nki gibi olmad\u0131.<\/p>\n<p>Reddi miras yapmad\u0131.<\/p>\n<p>Gizli istihbarat servislerini la\u011fvetmedi, tam aksine \u00e7ok daha g\u00fc\u00e7l\u00fc bir hale getirdi(BND)<\/p>\n<p>Sanayisine kald\u0131\u011f\u0131 yerden devam etti. 1925 y\u0131l\u0131nda Almanlarla ortak \u2018\u2019Junker\u2019\u2019 adl\u0131 u\u00e7ak modeli \u00fcretirken.. 50 y\u0131l ge\u00e7tikten sonra bizde u\u00e7a\u011f\u0131n esamisi okunmazken.. Almanlar Frans\u0131zlarla ortak Airbus u\u00e7aklar \u00fcretiyordu.<\/p>\n<p>Tarihi devaml\u0131l\u0131\u011f\u0131 esas ald\u0131.<\/p>\n<p>Roma-Cermen \u0130mparatorlu\u011fu hayallerini \u015fimdilik AB \u00e7er\u00e7evesine alm\u0131\u015f g\u00f6r\u00fcn\u00fcyor.<\/p>\n<p>\u0130ngiltere bunun fark\u0131nda oldu\u011fu i\u00e7in ayak s\u00fcr\u00fcyor ve AB ye \u00e7ok fazla prim vermiyor. Fransa ise laik bir yap\u0131lanma i\u00e7ine girdi\u011fi i\u00e7in bu i\u015flere \u00e7ok fazla tak\u0131lm\u0131yor. G\u00fc\u00e7l\u00fc bir AB nin Afrika\u2019daki s\u00f6m\u00fcrge alanlar\u0131na destek olmas\u0131 Frans\u0131zlar i\u00e7in yeterlidir.<\/p>\n<p>&nbsp;<\/p>\n<p>Bu durumda<\/p>\n<p>AB deki b\u00fct\u00fcn y\u00fck Almanya\u2019n\u0131n s\u0131rt\u0131nda kald\u0131.<\/p>\n<p>Bug\u00fcn Almanya bu y\u00fck\u00fc \u00e7ekmede zorlan\u0131yor.<\/p>\n<p>Na\u00e7ar bir \u015fekilde<\/p>\n<p>Tekrar T\u00dcRK\u0130YE nin kap\u0131s\u0131na geldi. Aksi halde AB da\u011f\u0131l\u0131p gidecek Almanya b\u00fcy\u00fck bir h\u00fcsrana u\u011frayacak.<\/p>\n<p>Bakal\u0131m bu sefer Almanya\u2019ya T\u00fcrkiye\u2019nin cevab\u0131 ne olacak.<\/p>\n<p>&nbsp;<\/p>\n<p>Emin Batur<\/p>\n","protected":false},"excerpt":{"rendered":"<p>Kendini Roma-Cermen \u0130mparatorlu\u011funun varisi kabul eder. Osmanl\u0131 ve \u0130slam d\u00fcnyas\u0131na kar\u015f\u0131 y\u00fcr\u00fct\u00fclen HA\u00c7LI seferlerinin hemen hepsine kat\u0131lm\u0131\u015ft\u0131r. Almanya Fatih Sultan Mehmed \u2019in \u0130stanbul\u2019u fethederek Do\u011fu Roma (Bizans) \u0130mparatorlu\u011funu tarihe g\u00f6mmesinin unutmaz. Her f\u0131rsatta bunun intikam\u0131n\u0131 almak i\u00e7in f\u0131rsat kollam\u0131\u015ft\u0131r. \u015eu anda bile Suri\u00e7i\u2019 inde VAT\u0130KAN gibi bir B\u0130ZANS devletinin kurulmas\u0131 i\u00e7in \u00e7al\u0131\u015fmalar yapmaktad\u0131r. Ancak Bu &hellip;<\/p>\n","protected":false},"author":2,"featured_media":48521,"comment_status":"open","ping_status":"open","sticky":false,"template":"","format":"standard","meta":{"om_disable_all_campaigns":false,"_themeisle_gutenberg_block_has_review":false,"_joinchat":[],"footnotes":""},"categories":[49,38,43],"tags":[],"class_list":["post-13441","post","type-post","status-publish","format-standard","has-post-thumbnail","","category-arif","category-guncel","category-yazarlar"],"_links":{"self":[{"href":"https:\/\/akincilardergisi.com\/tr\/wp-json\/wp\/v2\/posts\/13441","targetHints":{"allow":["GET"]}}],"collection":[{"href":"https:\/\/akincilardergisi.com\/tr\/wp-json\/wp\/v2\/posts"}],"about":[{"href":"https:\/\/akincilardergisi.com\/tr\/wp-json\/wp\/v2\/types\/post"}],"author":[{"embeddable":true,"href":"https:\/\/akincilardergisi.com\/tr\/wp-json\/wp\/v2\/users\/2"}],"replies":[{"embeddable":true,"href":"https:\/\/akincilardergisi.com\/tr\/wp-json\/wp\/v2\/comments?post=13441"}],"version-history":[{"count":0,"href":"https:\/\/akincilardergisi.com\/tr\/wp-json\/wp\/v2\/posts\/13441\/revisions"}],"wp:featuredmedia":[{"embeddable":true,"href":"https:\/\/akincilardergisi.com\/tr\/wp-json\/wp\/v2\/media\/48521"}],"wp:attachment":[{"href":"https:\/\/akincilardergisi.com\/tr\/wp-json\/wp\/v2\/media?parent=13441"}],"wp:term":[{"taxonomy":"category","embeddable":true,"href":"https:\/\/akincilardergisi.com\/tr\/wp-json\/wp\/v2\/categories?post=13441"},{"taxonomy":"post_tag","embeddable":true,"href":"https:\/\/akincilardergisi.com\/tr\/wp-json\/wp\/v2\/tags?post=13441"}],"curies":[{"name":"wp","href":"https:\/\/api.w.org\/{rel}","templated":true}]}}