{"id":13282,"date":"2016-06-21T14:28:51","date_gmt":"2016-06-21T11:28:51","guid":{"rendered":"http:\/\/akincilardergisi.com\/dergi\/?p=13282"},"modified":"2023-11-05T13:43:42","modified_gmt":"2023-11-05T10:43:42","slug":"cagin-hem-sanigi-hem-tanigi-olmak","status":"publish","type":"post","link":"https:\/\/akincilardergisi.com\/tr\/cagin-hem-sanigi-hem-tanigi-olmak\/","title":{"rendered":"\u00c7a\u011f\u0131n hem san\u0131\u011f\u0131, hem de tan\u0131\u011f\u0131 olmak"},"content":{"rendered":"<p><strong>Mesuliyet duygusu ta\u015f\u0131mayan\u0131n, mensubiyet duygusu da yoktur. E\u011fer bir sorumlulu\u011funuz varsa bir g\u00f6reviniz de var demektir. \u00d6mr\u00fcm\u00fcz boyunca b\u00fct\u00fcn ya\u015fad\u0131klar\u0131m\u0131z\u0131n hem san\u0131\u011f\u0131, hem tan\u0131\u011f\u0131, hem de muhatab\u0131y\u0131z. <\/strong><\/p>\n<p><strong>Geriye d\u00f6n\u00fcp bakt\u0131\u011f\u0131m\u0131zda hat\u0131ralar\u0131m\u0131z\u0131 canland\u0131ran sarar\u0131p solmu\u015f, parampar\u00e7a olmu\u015f, hi\u00e7bir \u00e7er\u00e7eveye s\u0131\u011fmayan bir s\u00fcr\u00fc foto\u011fraflar\u0131m\u0131z var. Hepsi de bizden birer par\u00e7a.<\/strong><\/p>\n<p><strong>Gen\u00e7tik, toyduk, tecr\u00fcbesizdik ama \u00fclkemizi ve b\u00fct\u00fcn d\u00fcnyam\u0131z\u0131 kurtarmay\u0131 g\u00f6ze alacak kadar cesur, fedak\u00e2r, samimi ve hasbiydik. G\u00f6z\u00fcm\u00fcz dava denen sevgiliden ba\u015fka hi\u00e7bir bir g\u00fczeli g\u00f6rmezdi. Nereye baksak, kiminle konu\u015fsak g\u00f6nl\u00fcm\u00fczde, kalbimizde ve dilimizde olan hep o idi..<\/strong><\/p>\n<p><strong>En ya\u015fl\u0131lar\u0131m\u0131z bile g\u00f6zlerinden k\u0131v\u0131lc\u0131mlar sa\u00e7an gen\u00e7 delikanl\u0131lard\u0131. Evine g\u00f6t\u00fcrd\u00fc\u011f\u00fc ekme\u011fi gen\u00e7lerle b\u00f6l\u00fc\u015fmezse evinde bo\u011faz\u0131ndan lokma ge\u00e7mezdi.<\/strong><\/p>\n<p><strong>O zaman parayla afi\u015f asan, slogan yazan reklam \u015firketleri yoktu. Acemice yaz\u0131lar\u0131m\u0131z\u0131 kendimiz yazar, afi\u015fleri kendimiz asar ve yap\u0131\u015ft\u0131r\u0131rd\u0131k alelacele duvarlara. Bizim iktidar\u0131m\u0131zda bile polis bizi yakalamas\u0131n, karakolda hakaret ve i\u015fkence yapmas\u0131n diye geceleri d\u00f6k\u00fcl\u00fcrd\u00fck boyalar ve f\u0131r\u00e7alarla yollara, bulvarlara.<\/strong><\/p>\n<p><strong>Biz kavgam\u0131z\u0131, sevdam\u0131z\u0131, davam\u0131z\u0131 bir nesilden devralmam\u0131\u015ft\u0131k. Bir usta \u00e7\u0131rak gelene\u011fimiz yoktu. Kendi kendimize, d\u00fc\u015fe kalka \u00f6\u011frendik emekleyip y\u00fcr\u00fcmeyi. <\/strong><\/p>\n<p><strong>Bir cemaat, cemiyet ve partimiz olsa da onlara bir aidiyet duygumuz vard\u0131 sadece. Ama hi\u00e7bir aidiyet duygusu davam\u0131zdan daha \u00f6nde gelmiyor ve daha \u00f6nemli de\u011fildi. Hangi da\u011f\u0131n r\u00fczg\u00e2r\u0131 ve hangi topra\u011f\u0131n damar\u0131 olur isek olal\u0131m hepimiz bir anne ve baban\u0131n \u00e7ocuklar\u0131 gibi karde\u015ftik. Ayr\u0131m\u0131z ve gayr\u0131m\u0131z yoktu. Hepimiz Anadoludan, Trakyadan kopup gelen bu \u00fclkenin \u00e7ocuklar\u0131yd\u0131k.<\/strong><\/p>\n<p><strong>K\u0131l\u0131c\u0131m\u0131z, dilimiz, usul\u00fcm\u00fcz \u00fcslubumuz sivri ve keskindi. Bir dava \u00f6fkesi ve kayg\u0131s\u0131yla b\u00fcy\u00fct\u00fcrd\u00fck sevday\u0131 i\u00e7imizde. &#8221;Yi\u011fit d\u00fc\u015ft\u00fc\u011f\u00fc yerden kalkard\u0131&#8221;, &#8221;Kavgam\u0131z yenilgi yenilgi b\u00fcy\u00fcyen bir zaferdi.&#8221;<\/strong><\/p>\n<p><strong>Halk\u0131m\u0131z gibi duyar, d\u00fc\u015f\u00fcn\u00fcr ve halk\u0131m\u0131z gibi ya\u015famaya \u00e7al\u0131\u015f\u0131rd\u0131k. Halk\u0131m\u0131z\u0131n de\u011ferlerine kar\u015f\u0131 m\u00fccadele eden, sava\u015f veren stat\u00fckoya ve rejime \u00f6l\u00fcm\u00fcne kar\u015f\u0131yd\u0131k. \u0130nk\u00e2r ve Tu\u011fyan\u0131n b\u00fct\u00fcn ocaklar\u0131, kurumlar\u0131 ba\u015f belam\u0131z ve kar\u015f\u0131 cephenin amans\u0131z d\u00fc\u015fman\u0131 olan yi\u011fitlerdik.<\/strong><\/p>\n<p><strong>\u015eimdi ne oldu bu gen\u00e7li\u011fe, ne oldu bu insanlara, ne oldu bu dava denilen nazl\u0131 geline? Her yan\u0131m\u0131z i\u015fgal olmu\u015f, her taraf\u0131m\u0131z lime lime. Ka\u00e7 ki\u015fimiz kald\u0131 ayakta dimdik.Hi\u00e7\u00a0kendi kendine soran var m\u0131 ?<\/strong><\/p>\n<p><strong>\u2018\u2019Bu mudur M\u00fcsl\u00fcmanl\u0131k ve bu mudur dava\u2019\u2019 diye \u00f6v\u00fcnd\u00fc\u011f\u00fcm\u00fcz, u\u011fruna \u00f6l\u00fcmleri g\u00f6ze ald\u0131\u011f\u0131m\u0131m\u00a0mesele?<\/strong><\/p>\n","protected":false},"excerpt":{"rendered":"<p>Mesuliyet duygusu ta\u015f\u0131mayan\u0131n, mensubiyet duygusu da yoktur. E\u011fer bir sorumlulu\u011funuz varsa bir g\u00f6reviniz de var demektir. \u00d6mr\u00fcm\u00fcz boyunca b\u00fct\u00fcn ya\u015fad\u0131klar\u0131m\u0131z\u0131n hem san\u0131\u011f\u0131, hem tan\u0131\u011f\u0131, hem de muhatab\u0131y\u0131z. Geriye d\u00f6n\u00fcp bakt\u0131\u011f\u0131m\u0131zda hat\u0131ralar\u0131m\u0131z\u0131 canland\u0131ran sarar\u0131p solmu\u015f, parampar\u00e7a olmu\u015f, hi\u00e7bir \u00e7er\u00e7eveye s\u0131\u011fmayan bir s\u00fcr\u00fc foto\u011fraflar\u0131m\u0131z var. Hepsi de bizden birer par\u00e7a. Gen\u00e7tik, toyduk, tecr\u00fcbesizdik ama \u00fclkemizi ve b\u00fct\u00fcn &hellip;<\/p>\n","protected":false},"author":2,"featured_media":48521,"comment_status":"open","ping_status":"open","sticky":false,"template":"","format":"standard","meta":{"om_disable_all_campaigns":false,"_themeisle_gutenberg_block_has_review":false,"_joinchat":[],"footnotes":""},"categories":[49,38,43],"tags":[],"class_list":["post-13282","post","type-post","status-publish","format-standard","has-post-thumbnail","","category-arif","category-guncel","category-yazarlar"],"_links":{"self":[{"href":"https:\/\/akincilardergisi.com\/tr\/wp-json\/wp\/v2\/posts\/13282","targetHints":{"allow":["GET"]}}],"collection":[{"href":"https:\/\/akincilardergisi.com\/tr\/wp-json\/wp\/v2\/posts"}],"about":[{"href":"https:\/\/akincilardergisi.com\/tr\/wp-json\/wp\/v2\/types\/post"}],"author":[{"embeddable":true,"href":"https:\/\/akincilardergisi.com\/tr\/wp-json\/wp\/v2\/users\/2"}],"replies":[{"embeddable":true,"href":"https:\/\/akincilardergisi.com\/tr\/wp-json\/wp\/v2\/comments?post=13282"}],"version-history":[{"count":0,"href":"https:\/\/akincilardergisi.com\/tr\/wp-json\/wp\/v2\/posts\/13282\/revisions"}],"wp:featuredmedia":[{"embeddable":true,"href":"https:\/\/akincilardergisi.com\/tr\/wp-json\/wp\/v2\/media\/48521"}],"wp:attachment":[{"href":"https:\/\/akincilardergisi.com\/tr\/wp-json\/wp\/v2\/media?parent=13282"}],"wp:term":[{"taxonomy":"category","embeddable":true,"href":"https:\/\/akincilardergisi.com\/tr\/wp-json\/wp\/v2\/categories?post=13282"},{"taxonomy":"post_tag","embeddable":true,"href":"https:\/\/akincilardergisi.com\/tr\/wp-json\/wp\/v2\/tags?post=13282"}],"curies":[{"name":"wp","href":"https:\/\/api.w.org\/{rel}","templated":true}]}}