{"id":13213,"date":"2016-06-19T01:14:24","date_gmt":"2016-06-18T22:14:24","guid":{"rendered":"http:\/\/akincilardergisi.com\/dergi\/?p=13213"},"modified":"2023-11-07T11:28:45","modified_gmt":"2023-11-07T08:28:45","slug":"ramazanin-yakasindan-dusun","status":"publish","type":"post","link":"https:\/\/akincilardergisi.com\/tr\/ramazanin-yakasindan-dusun\/","title":{"rendered":"RAMAZAN\u2019IN YAKASINDAN D\u00dc\u015e\u00dcN"},"content":{"rendered":"<p class=\"ecxMsoNormal\" style=\"text-align: left\" align=\"center\"><span style=\"line-height: 115%;font-family: 'Palatino Linotype','serif';font-size: 12pt\">M\u00fcbarek Ramazan ay\u0131n\u0131n g\u00f6n\u00fclleri co\u015fturma, kalpleri yumu\u015fatma, \u00fcmmeti ku\u015fatma s\u00fcreci ne de g\u00fczel gidiyordu diyecektik amma Ramazan\u2019\u0131n g\u00fcndem olmas\u0131n\u0131 k\u0131skananlar, ona gol atmaya yeltenenler yine sahnedeki yerlerini ald\u0131lar. Uyduruk\u00e7ular, hik\u00e2yeciler, hurafeciler ve te\u015fbih\u00e7iler Ramazan\u2019\u0131n tek ba\u015f\u0131na g\u00fcndem belirlemesine ve g\u00fcndemde kalmas\u0131na tahamm\u00fcl edemediler yine yapacaklar\u0131n\u0131 yapt\u0131lar. Abuk sabuk sorulara verdikleri cevaplarla, okuduklar\u0131 kitaplar\u0131n kurban\u0131 olduklar\u0131 i\u00e7in oralardan yapt\u0131klar\u0131 al\u0131nt\u0131larla bir k\u0131s\u0131m insan\u0131 hayvan yerine koydular. \u015eunu demek istedi, bunu demek istedi diye k\u0131v\u0131r\u0131p duruyorlar. Demek istedi\u011fini demek istedi\u011fin gibi diyeceksin, eyip b\u00fckmeyecek, ba\u015fkalar\u0131n\u0131n laflar\u0131n\u0131 ayetmi\u015f gibi, kitaplar\u0131n\u0131 Kur\u2019an\u2019m\u0131\u015f gibi g\u00f6rmeyeceksin. Ondan sonra\u2026 <\/span><span style=\"line-height: 115%;font-family: 'Palatino Linotype','serif';font-size: 12pt\"><br \/>\n<\/span><\/p>\n<p class=\"ecxMsoNormal\" style=\"text-align: justify\"><span style=\"line-height: 115%;font-family: 'Palatino Linotype','serif';font-size: 12pt\">Peygamberimizin \u00f6\u011fretisinin neresinde topluma, insanlara ve M\u00fcsl\u00fcman cemaate meydan okuma vard\u0131r? Hangi sahabe bir ba\u015fkas\u0131 i\u00e7in o te\u015fbihleri kullanm\u0131\u015ft\u0131r. Ki kullansa bile yanl\u0131\u015ft\u0131r. Allah resul\u00fcn\u00fcn en zor g\u00fcn\u00fc olan Uhud\u2019da ya\u015fad\u0131klar\u0131 ortadad\u0131r. Hangisine \u201chayvan herifler sizin y\u00fcz\u00fcn\u00fczden kaybettik\u201d demi\u015ftir. Huneyn g\u00fcn\u00fcnde cihad\u0131 terk edenlerin hangisi i\u00e7in o ifadeleri kullanm\u0131\u015ft\u0131r? Bu ifadeyi kullanan hoca i\u00e7in efendim \u015f\u00f6yle adam, b\u00f6yle adam, maksad\u0131n\u0131 a\u015fan bir ifade kullanm\u0131\u015ft\u0131r deniliyor. M\u00fcsl\u00fcman oldu\u011fu i\u00e7in elbette iyi adamd\u0131r, biz h\u00fcsn-\u00fc zann\u0131m\u0131z\u0131 muhafaza edece\u011fiz. Fakat s\u0131k\u0131nt\u0131 ba\u015fkad\u0131r. Nereden beslendi\u011fine bakacaks\u0131n? Kulland\u0131\u011f\u0131 ifade beslendi\u011fi kayna\u011f\u0131n veya kaynaklar\u0131n en m\u00fctevaz\u0131sidir. Allah\u2019tan di\u011ferlerini s\u00f6ylemedi, daha neler var neler. Onun bunun kitaplar\u0131n\u0131 okuyarak, okumakla kalmay\u0131p neredeyse h\u0131fzedenler ve onlar\u0131 Kur\u2019an mesabesinde g\u00f6renler, o kitaplarla kafay\u0131 bozanlar, Kur\u2019an\u2019a teslim olmad\u0131k\u00e7a bu kafa bozuklu\u011fundan kurtulamayacaklard\u0131r. Bilin\u00e7alt\u0131na y\u00fckledikleri daha fazla orada kalamayacak ve bir g\u00fcn dile vuracakt\u0131r. Dile vurunca da b\u00f6yle sa\u00e7mal\u0131klar gayet normaldir. <\/span><span style=\"line-height: 115%;font-family: 'Palatino Linotype','serif';font-size: 12pt\"><br \/>\n<\/span><\/p>\n<p class=\"ecxMsoNormal\" style=\"text-align: justify\"><span style=\"line-height: 115%;font-family: 'Palatino Linotype','serif';font-size: 12pt\">Kafas\u0131 kar\u0131\u015f\u0131k adamlar\u0131n arkada\u015flar\u0131ndan ve dostlar\u0131ndan birisinin \u00e7ok g\u00fczel bir eseri vard\u0131. Peygamberimizin davet metodunu anlat\u0131yordu. Arkada\u015flar\u0131n\u0131n kitab\u0131na bir g\u00f6z atsayd\u0131lar nas\u0131l bir davet dili geli\u015ftirmeleri gerekti\u011fini \u00f6\u011frenirlerdi. Ya da Kur\u2019an\u2019a bak\u0131p da Rabbimizin Hz. Musa peygamberimizi hangi tembihle Firavuna g\u00f6nderdi\u011fini g\u00f6rselerdi elbette b\u00f6yle demeyeceklerdi. \u00a0Peki bilmiyorlar m\u0131? Asl\u0131nda \u00e7ok iyi biliyorlar; fakat ar\u0131 duru zihin karmakar\u0131\u015f\u0131k edilince ar\u0131 duru s\u00f6zler sad\u0131r olmuyor. B\u00fclb\u00fcl\u00fcn \u00e7ilesi dilindendir derler ya i\u015fte \u00f6yle bir \u015fey oluyor. En kibar ifadesiyle s\u00f6yleyecek olursak dili hocam\u0131za ihanet etti. Olay budur. Hocam\u0131z\u0131n de\u011fil, beslendi\u011fi ve ders yapmakla \u00f6v\u00fcnd\u00fc\u011f\u00fc kaynaklar\u0131n sorgulanmas\u0131 laz\u0131m. Derdini Kur\u2019an\u2019dan ve peygamberimizin pak s\u00f6zlerinden al\u0131nt\u0131larla g\u00fczelle\u015ftirip anlatabilseydi b\u00f6yle bir durum ya\u015famayacakt\u0131. Her halde kendisi de bundan bir ders \u00e7\u0131kartm\u0131\u015ft\u0131r.<\/span><span style=\"line-height: 115%;font-family: 'Palatino Linotype','serif';font-size: 12pt\"><br \/>\n<\/span><\/p>\n<p class=\"ecxMsoNormal\" style=\"text-align: justify\"><span style=\"line-height: 115%;font-family: 'Palatino Linotype','serif';font-size: 12pt\">Uyduruk\u00e7ular\u0131n, hik\u00e2yecilerin ve hurafecilerin anlat\u0131mlar\u0131 kimsenin iman\u0131n\u0131 art\u0131rm\u0131yor, kimsenin bilgisini art\u0131r\u0131p \u00e2lim olmas\u0131n\u0131 sa\u011flam\u0131yor. Herkes kendi konumuna bunlar \u00fczerinden me\u015fruiyet kazand\u0131rman\u0131n pe\u015findedir. Kitaba uymak yerine kitab\u0131na uydurman\u0131n pe\u015findedirler. \u0130slam\u2019\u0131n m\u00fcbelli\u011fi olmayan bu adamlar\u0131n (!) anlatt\u0131klar\u0131ndan ziyade ald\u0131klar\u0131 para daha \u00e7ok konu\u015fulur olduysa buradaki s\u0131k\u0131nt\u0131n\u0131n g\u00f6r\u00fclmesi laz\u0131md\u0131r.<\/span><span style=\"line-height: 115%;font-family: 'Palatino Linotype','serif';font-size: 12pt\"><br \/>\n<\/span><\/p>\n<p class=\"ecxMsoNormal\" style=\"text-align: justify\"><span style=\"line-height: 115%;font-family: 'Palatino Linotype','serif';font-size: 12pt\">Alan raz\u0131, satan raz\u0131 bize ne mi oluyor? Raz\u0131 olmad\u0131\u011f\u0131m\u0131z\u0131 g\u00f6sterece\u011fiz ve r<\/span><span style=\"line-height: 115%;font-family: 'Palatino Linotype', serif;font-size: 12pt\">ahats\u0131z etmeye devam edece\u011fiz. Ve bunlara Ramazan\u2019\u0131n yakas\u0131ndan d\u00fc\u015f\u00fcn demeye de devam edece\u011fiz.<\/span><\/p>\n<p class=\"ecxMsoNormal\" style=\"text-align: justify\"><span style=\"line-height: 115%;font-family: 'Palatino Linotype','serif';font-size: 12pt\">\u00a0<\/span><\/p>\n<p class=\"ecxMsoNormal\" style=\"text-align: justify\"><b><span style=\"line-height: 115%;font-family: 'Tahoma','sans-serif';font-size: 12pt\">\u00d6mer Naci YILMAZ<\/span><\/b><\/p>\n","protected":false},"excerpt":{"rendered":"<p>M\u00fcbarek Ramazan ay\u0131n\u0131n g\u00f6n\u00fclleri co\u015fturma, kalpleri yumu\u015fatma, \u00fcmmeti ku\u015fatma s\u00fcreci ne de g\u00fczel gidiyordu diyecektik amma Ramazan\u2019\u0131n g\u00fcndem olmas\u0131n\u0131 k\u0131skananlar, ona gol atmaya yeltenenler yine sahnedeki yerlerini ald\u0131lar. Uyduruk\u00e7ular, hik\u00e2yeciler, hurafeciler ve te\u015fbih\u00e7iler Ramazan\u2019\u0131n tek ba\u015f\u0131na g\u00fcndem belirlemesine ve g\u00fcndemde kalmas\u0131na tahamm\u00fcl edemediler yine yapacaklar\u0131n\u0131 yapt\u0131lar. Abuk sabuk sorulara verdikleri cevaplarla, okuduklar\u0131 kitaplar\u0131n kurban\u0131 olduklar\u0131 &hellip;<\/p>\n","protected":false},"author":26,"featured_media":48521,"comment_status":"open","ping_status":"open","sticky":false,"template":"","format":"standard","meta":{"om_disable_all_campaigns":false,"_themeisle_gutenberg_block_has_review":false,"_joinchat":[],"footnotes":""},"categories":[38,54,43],"tags":[],"class_list":["post-13213","post","type-post","status-publish","format-standard","has-post-thumbnail","","category-guncel","category-omer","category-yazarlar"],"_links":{"self":[{"href":"https:\/\/akincilardergisi.com\/tr\/wp-json\/wp\/v2\/posts\/13213","targetHints":{"allow":["GET"]}}],"collection":[{"href":"https:\/\/akincilardergisi.com\/tr\/wp-json\/wp\/v2\/posts"}],"about":[{"href":"https:\/\/akincilardergisi.com\/tr\/wp-json\/wp\/v2\/types\/post"}],"author":[{"embeddable":true,"href":"https:\/\/akincilardergisi.com\/tr\/wp-json\/wp\/v2\/users\/26"}],"replies":[{"embeddable":true,"href":"https:\/\/akincilardergisi.com\/tr\/wp-json\/wp\/v2\/comments?post=13213"}],"version-history":[{"count":0,"href":"https:\/\/akincilardergisi.com\/tr\/wp-json\/wp\/v2\/posts\/13213\/revisions"}],"wp:featuredmedia":[{"embeddable":true,"href":"https:\/\/akincilardergisi.com\/tr\/wp-json\/wp\/v2\/media\/48521"}],"wp:attachment":[{"href":"https:\/\/akincilardergisi.com\/tr\/wp-json\/wp\/v2\/media?parent=13213"}],"wp:term":[{"taxonomy":"category","embeddable":true,"href":"https:\/\/akincilardergisi.com\/tr\/wp-json\/wp\/v2\/categories?post=13213"},{"taxonomy":"post_tag","embeddable":true,"href":"https:\/\/akincilardergisi.com\/tr\/wp-json\/wp\/v2\/tags?post=13213"}],"curies":[{"name":"wp","href":"https:\/\/api.w.org\/{rel}","templated":true}]}}