{"id":13210,"date":"2016-06-19T00:47:35","date_gmt":"2016-06-18T21:47:35","guid":{"rendered":"http:\/\/akincilardergisi.com\/dergi\/?p=13210"},"modified":"2023-11-04T11:58:39","modified_gmt":"2023-11-04T08:58:39","slug":"bir-nesil-nasil-kaybediliyor-veya-bir-nesli-nasil-mahvettiler","status":"publish","type":"post","link":"https:\/\/akincilardergisi.com\/tr\/bir-nesil-nasil-kaybediliyor-veya-bir-nesli-nasil-mahvettiler\/","title":{"rendered":"Bir Nesil Nas\u0131l Kaybediliyor? veya \u201cBir Nesli Nas\u0131l Mahvettiler?\u201d"},"content":{"rendered":"<p><span style=\"color: initial;\">Sen yaln\u0131z d\u00fc\u015f\u00fcn!Su\u00e7 senin de\u011fildir!Su\u00e7u irca edece\u011fin v\u00e2hitleri d\u00fc\u015f\u00fcn!<\/span><\/p>\n<div class=\"middle_content\">\n<div class=\"news_detail\">\n<div id=\"news_content\" class=\"text_content\">\n<p>\u00d6nce \u00dcstad Necip Faz\u0131l\u2019\u0131n \u201cT\u00fcrkiye\u2019nin Manzaras\u0131\u201d isimli kitab\u0131ndaki \u201c\u015euursuz A\u00e7l\u0131k\u201d ba\u015fl\u0131kl\u0131 yaz\u0131s\u0131ndan bir b\u00f6l\u00fcm alal\u0131m, sonra i\u015fin \u201cni\u00e7in?\u201dine de\u011finelim.<\/p>\n<p>\u201cB\u00fcy\u00fck Frans\u0131z \u0130htil\u00e2li\u2019nin bin bir ruh\u00ee ve i\u00e7tima\u00ee sebebi aras\u0131nda d\u0131\u015f ve ana m\u00fcessir a\u00e7l\u0131kt\u0131r. T\u0131pk\u0131 maddeyle ruh m\u00fcnasebeti halinde, \u00f6b\u00fcr sebepleri a\u00e7\u0131\u011fa vuran a\u00e7l\u0131k\u2026<\/p>\n<p>16\u2019nc\u0131 Lui, bu halin nabz\u0131n\u0131 yoklayabilecek anlay\u0131\u015fta de\u011fildi. Zevkinde, sefas\u0131nda, av\u0131nda, e\u011flencesinde gezip tozuyordu. Hatt\u00e2 sefalet manzaralar\u0131n\u0131 g\u00f6rmemek i\u00e7in \u2018Versay saray\u0131ndan av sahas\u0131na do\u011fru hususi bir yol yapt\u0131rm\u0131\u015ft\u0131: \u00d6l\u00fcm Yolu\u2026 Halk bu yola \u201c\u00f6l\u00fcm yolu\u201d ad\u0131n\u0131 takm\u0131\u015ft\u0131.<\/p>\n<p>Bir g\u00fcn, cicili bicili maiyetiyle at \u00fcst\u00fcnde bu yoldan ava giderken kar\u015f\u0131s\u0131na bir tabut \u00e7\u0131k\u0131verdi. Birka\u00e7 k\u00f6yl\u00fcn\u00fcn ta\u015f\u0131d\u0131\u011f\u0131 bir tabut\u2026 Atlar \u00fcrkt\u00fc. Dizginler \u00e7ekildi. Kral k\u00f6yl\u00fclere sordu:<\/p>\n<p>-Tabutta kim var?<\/p>\n<p>-Bir Frans\u0131z!<\/p>\n<p>-Neden \u00f6ld\u00fc?<\/p>\n<p>-A\u00e7l\u0131ktan!<\/p>\n<p>Frans\u0131z tarih\u00e7isi il\u00e2ve ediyor:<\/p>\n<p>&#8211;<strong>Tabutta Fransa vard\u0131!\u201d<\/strong><\/p>\n<p>\u00dcstad bu m\u00fcthi\u015f hadiseyi anlatt\u0131ktan sonra devam ediyor:<\/p>\n<p>\u201cT\u00fcrkiye a\u00e7 m\u0131d\u0131r? De\u011fildir; fakat a\u00e7 olman\u0131n b\u00fct\u00fcn \u015fartlar\u0131na maliktir\u2026 Esasta a\u00e7l\u0131\u011f\u0131m\u0131z\u0131 hat\u0131rlayamay\u0131\u015f, \u015fuurla\u015ft\u0131ramay\u0131\u015f\u0131m\u0131z da belki bel\u00e2lar\u0131n en b\u00fcy\u00fc\u011f\u00fc halinde, tepki kabiliyetimizi k\u00f6rle\u015ftirmekte, idarecilerimize bir nevi teselli vesilesi olmakta ve her an bu hale deva bulma ihtimalini uzakla\u015ft\u0131rmaktad\u0131r.\u201d<\/p>\n<p>\u00dcstad\u2019\u0131n bu tespitlerindeki <strong>\u201ca\u00e7l\u0131k\u201d<\/strong> yerine g\u00fcn\u00fcm\u00fcz <strong>\u201cgen\u00e7li\u011fi\u201d<\/strong>ni koydu\u011fumuzda ortaya bir deh\u015fet tablosu \u00e7\u0131k\u0131yor.<\/p>\n<p>G\u00fcn\u00fcm\u00fcz gen\u00e7li\u011fi b\u00f6ylesine bir deh\u015fet tablosunu mu hat\u0131rlat\u0131yor bize? Sadece g\u00fcn\u00fcm\u00fcz de\u011fil, gelece\u011fimiz i\u00e7in de endi\u015feliyiz!<\/p>\n<p>\u00dcstad\u2019\u0131n <strong>Gen\u00e7li\u011fe Hitabe\u2019<\/strong>sinde <strong><em>\u201czaman bendedir, mek\u00e2n bana emanettir\u201d<\/em><\/strong> diyerek misyon y\u00fckledi\u011fi emanete sahip bir nesli maalesef ortada g\u00f6remiyoruz.\u00a0 \u0130rfan\u0131n, kalbin, vicdan\u0131n, fikrin, ilmin, dilin, tarihin, co\u011frafyan\u0131n sahibi can \u00e7eki\u015fiyor! Gen\u00e7 neslin hayat emaresi sadece refleksten ibaret!<\/p>\n<p>Kim bu can \u00e7eki\u015fen? Kim bunlar\u0131n sahibi?<\/p>\n<p>Ortada \u201cgen\u00e7 nesil\u201d diye g\u00f6rd\u00fc\u011f\u00fcm\u00fcz, <em>ihtiraslar\u0131 ya\u015f\u0131n\u0131n ve ahl\u00e2k\u0131n\u0131n<\/em> \u00f6n\u00fcnde ko\u015fan bir kas ve adaleden ibaret metabolizmaya benziyor.<\/p>\n<p>Olanca enerjisi biyolojik, metabolitik, gastroya indirgenmi\u015f bir gen\u00e7lik !<\/p>\n<p>Kar\u015f\u0131m\u0131zda nevrotik, \u015fizofrenik, megalomanik, narsist kar\u0131\u015f\u0131mdan ibaret bir <strong>ihtiras heykeli<\/strong> var!<\/p>\n<p>Tekrar edelim: Y\u0131llar \u00f6nce \u00dcstad Necip Faz\u0131l\u2019a <strong><em>\u201cYeni nesli nas\u0131l buluyorsunuz?\u201d<\/em><\/strong> diye sorulmu\u015f ve \u00dcstad, zaman\u0131n ve bug\u00fcn\u00fcn gen\u00e7li\u011finin r\u00f6ntgenini de\u015fifre eden bu soruya, \u015fu deh\u015fetengiz cevab\u0131 vermi\u015fti: <strong><em>\u201cKurt\u00e7uklar\u0131n sard\u0131\u011f\u0131 bir ceset \u00fczerindeki hayata ne dersiniz? gibi sorudan farks\u0131zd\u0131r!\u201d<\/em><\/strong><\/p>\n<p>Ni\u00e7in b\u00f6yle vahim bir tablo \u00e7izmeye \u00e7al\u0131\u015f\u0131yoruz?<\/p>\n<p>Anlatal\u0131m:<\/p>\n<p>\u0130stanbul Erkek Lisesi \u00f6\u011frencilerinin, 2016 y\u0131l\u0131 mezuniyet t\u00f6reninde Okul M\u00fcd\u00fcr\u00fcn\u00fc protesto i\u00e7in s\u0131rtlar\u0131n\u0131 d\u00f6nmeleri, sonras\u0131nda da yay\u0131nlad\u0131klar\u0131 bildiri \u00f6l\u00fcmc\u00fcl bir <strong><em>hastal\u0131\u011f\u0131n belirtisi<\/em><\/strong>dir. Medyada olduk\u00e7a geni\u015f yer bulan lise \u00f6\u011frencilerin bu protesto tarz\u0131, asl\u0131nda 14 y\u0131ll\u0131k Ak Parti iktidar\u0131n\u0131n b\u00fct\u00fcn iddia ve s\u00f6ylemlerine ra\u011fmen e\u011fitimde meydana getirdi\u011fi tablolardan sadece birisidir. Bu tablo, basit bir <em>\u00e7ocuk-gen\u00e7lik protestosu<\/em> \u015feklinde ge\u00e7i\u015ftirilemeyecek vahamettedir. Bu protesto, t\u0131pk\u0131 Frans\u0131z tarih\u00e7isinin <em>\u201ctabutta Fransa vard\u0131\u201d<\/em> s\u00f6z\u00fcne e\u015fde\u011fer bir mahiyet arzetmektedir.<\/p>\n<p>Bu hadiseyi f\u0131rsat bilip ortal\u0131\u011fa d\u00f6k\u00fclenler, bildiri yay\u0131nlayanlar, destek verenler bir tarafa, \u201cYeni <strong>Gezi<\/strong>\u201dler i\u00e7in al\u0131\u015ft\u0131rma denemesi g\u00f6rd\u00fc\u011f\u00fcm\u00fcz \u0130stanbul Erkek Lisesi \u00f6\u011frencilerinin protestosu \u00e7ok \u015fey anlatmal\u0131!<\/p>\n<p>Ama kime?<\/p>\n<p>Bu hadise, \u00e7\u00f6z\u00fclme\/\u00e7\u00fcr\u00fcme sinyalleri veren e\u011fitim sistemimize dair bir t\u00fcm\u00f6r belirtisi midir? Veya v\u00fccutta meydana gelen bir sivilcenin bir karaci\u011fer iflas\u0131n\u0131n habercisi olmas\u0131 gibi, bu hadise de acaba 14 y\u0131ll\u0131k tek parti iktidar\u0131n\u0131n istikrars\u0131z <strong>e\u011fitim politikalar\u0131n\u0131<\/strong>n bir sonucu mudur?<\/p>\n<p>Bu hadise <strong>lokal<\/strong> bir hadise midir, yoksa yay\u0131lma istidad\u0131 g\u00f6steren bir tehlike mi? \u00a0Veya b\u00fcnye iflas\u0131n\u0131 haber veren bir k\u0131lcal patlama, bir ifraz\u00e2t m\u0131d\u0131r?<\/p>\n<p>Lokal bir olay\u0131 \u00e7ok mu b\u00fcy\u00fct\u00fcyor, \u00e7ok mu me\u015f\u2019um hale getiriyoruz?<\/p>\n<p>\u0130ster kendili\u011finden geli\u015fmi\u015f olsun, ister y\u00f6nlendirilmi\u015f olsun, bu hadise \u015fu vahim ger\u00e7e\u011fin bir d\u0131\u015fa vurumu mudur: 14 y\u0131ll\u0131k e\u011fitim, k\u00fclt\u00fcr, gen\u00e7lik politikalar\u0131n\u0131n yanl\u0131\u015fl\u0131\u011f\u0131, ifl\u00e2s\u0131!<\/p>\n<p><strong>\u201cGezi Kalk\u0131\u015fmas\u0131\u201d<\/strong>ndaki g\u00fcruhun b\u00fcy\u00fck \u00e7o\u011funlu\u011funun gen\u00e7lerden olu\u015fmas\u0131 ve bu kalk\u0131\u015fman\u0131n neredeyse bir <strong>direni\u015f efsanesi<\/strong>ne d\u00f6n\u00fc\u015ft\u00fcr\u00fclmesi, hakk\u0131nda k\u0131sa s\u00fcrede kitaplar, \u015fiirler yaz\u0131lmas\u0131, t\u00fcrk\u00fcler s\u00f6ylenmesi ve <strong>yeni<\/strong> <strong>geziler<\/strong> i\u00e7in enerji depolanmas\u0131 kar\u015f\u0131s\u0131nda <strong>E\u011fitim Bakanl\u0131\u011f\u0131, K\u00fclt\u00fcr Bakanl\u0131\u011f\u0131, Gen\u00e7lik Bakanl\u0131\u011f\u0131<\/strong> acaba ne tedbirler al\u0131yor? Gen\u00e7li\u011fin irfan ve idrak yollar\u0131ndaki iltihaplar i\u00e7in hangi \u00e7arelere ba\u015fvuruyor?<\/p>\n<p>Tekrar edelim: 2002 y\u0131l\u0131nda yani Ak Parti \u0130ktidar\u0131n\u0131n ba\u015flang\u0131c\u0131nda 6 ya\u015f\u0131nda olanlar bug\u00fcn 20 ya\u015f\u0131nda. Siyas\u00ee kaos tarihine <strong>\u201cgezi kalk\u0131\u015fmas\u0131\u201d<\/strong>n\u0131 il\u00e2ve edenler, k\u00fcllerinden yeniden do\u011fan mitolojik yarat\u0131klar olarak ortal\u0131kta dola\u015f\u0131yor. B\u00fct\u00fcn bunlara ra\u011fmen \u201cismiyle m\u00fcsemma\u201d olamayan ve politikalar\u0131yla potansiyel <strong><em>gezilere militan adaylar\u0131 yeti\u015ftiren<\/em><\/strong> kamunun \u00fc\u00e7 \u00f6nemli sacaya\u011f\u0131 olan <strong><em>E\u011fitim, K\u00fclt\u00fcr, Gen\u00e7lik<\/em><\/strong> Bakanl\u0131\u011f\u0131 <strong>maarif, irfan ve nesil endi\u015fesi<\/strong> ta\u015f\u0131yor mu?<\/p>\n<p>Var m\u0131\u00a0b\u00f6yle bir derdi, davas\u0131, sanc\u0131s\u0131 ???<\/p>\n<p>Eyvah ki; ilgili Bakanlar, siyasiler, b\u00fcrokratlar tehlikenin fark\u0131nda de\u011fil! Veya yang\u0131n kar\u015f\u0131s\u0131nda seyrediyorlar!<\/p>\n<p>Peki ya Sivil Toplum Kurulu\u015fu ismiyle ortal\u0131kta boy g\u00f6sterenler? Onlar\u0131n da bir\u00e7o\u011fu <em>\u201ckamudan rant kapmak\u201d<\/em> cinnetine tutulmu\u015f <em>\u201cproje\u201d<\/em>lerle me\u015fgul (!)<\/p>\n<p>Su\u00e7lama de\u011fil, vahim tablodan bir kesit g\u00f6sterip hat\u0131rlatmada bulunuyoruz!<\/p>\n<p>Suyun as\u0131l bu yakas\u0131n\u0131 g\u00f6relim!<\/p>\n<p>Evet <strong><em>\u201cTabutta T\u00fcrkiye\u2019nin gen\u00e7 enerjisi vard\u0131!\u201d<\/em><\/strong><\/p>\n<p>\u00c7ok mu k\u00f6t\u00fcmser ve \u00fcmitsiziz? Ne yaz\u0131k ki e\u011fitim, k\u00fclt\u00fcr, gen\u00e7lik politikalar\u0131nda \u00fcmitvar olmam\u0131z i\u00e7in bir sebep g\u00f6remiyoruz!<\/p>\n<p>B\u00f6l\u00fcnm\u00fc\u015f kara yollar\u0131, deniz alt\u0131 t\u00fcp ge\u00e7itler, havaalanlar\u0131, demiryollar\u0131, g\u00f6kdelenler, plazalar, rezidanslar, AVM\u2019ler, i\u015f kuleleri, k\u00f6pr\u00fclerle kendisini <em>tan\u0131mlayan<\/em> ve <em>\u201cmuas\u0131r medeniyete ula\u015fma\u201d<\/em> gayretini cinnet derecesinde s\u00fcrd\u00fcrenler, ne yaz\u0131k ki, bunlara ruh verecek, iddia ettikleri muas\u0131r medeniyet (!) yolculu\u011funu\/y\u00fcr\u00fcy\u00fc\u015f\u00fcn\u00fc ger\u00e7ekle\u015ftirecek <strong>gen\u00e7 nesillere dair bir umut veya bir hayal ortaya koyam\u0131yorlar!<\/strong> Olan sadece hayat\u0131 <strong>\u201ckazan, t\u00fcket, yok et, ya\u015fa\u201d<\/strong> felsefesine endeksli hedonist bir g\u00fcruhun i\u015ftahlar\u0131n\u0131 kam\u00e7\u0131lamak ve g\u00f6zlerini daha da a\u00e7mak! Bu vahim hal h\u0131zla yayg\u0131nla\u015f\u0131yor, sadece yayg\u0131nla\u015fm\u0131yor, \u201crol model\u201d olarak sunuluyor!<\/p>\n<p>\u0130tibar\u0131n\u0131;<strong>\u00a0kazand\u0131\u011f\u0131 paraya, ald\u0131\u011f\u0131 yurtd\u0131\u015f\u0131 e\u011fitime, \u00f6\u011frendi\u011fi yabanc\u0131 dile, u\u011fra\u015ft\u0131\u011f\u0131 i\u015fe, oturdu\u011fu eve, partnerlerini a\u011f\u0131rlad\u0131\u011f\u0131 ofisine, bindi\u011fi otomobile, verdi\u011fi davetlere<\/strong> bor\u00e7lu olan bir nesil h\u0131zla y\u00fckseliyor! Adeta haz ve g\u00fcnah \u00fczerine bina edilmi\u015f bir \u201cBabil Kulesi Nesli!\u201d<\/p>\n<p>B\u00fct\u00fcn \u201cde\u011fer\u201dlerin bir i\u015fporta mal\u0131 gibi de\u011fersizle\u015ftirilip pazara d\u00f6k\u00fcld\u00fc\u011f\u00fc ve sadece \u2018kullan\u0131m de\u011feri\u2019ne paha bi\u00e7ildi\u011fi bir vasatta hangi gen\u00e7lik, hangi nesil yeti\u015ftirilebilir?<\/p>\n<p>Korkar\u0131z ki <strong>\u201cYeni T\u00fcrkiye\u201d<\/strong>nin in\u015fa etti\u011fi ve <strong>\u201cYeni T\u00fcrkiye\u201d<\/strong>yi in\u015fa edecek nesil, bu nesil olacak!<\/p>\n<p>Kalbini, irfan\u0131n\u0131, idrakini \u201cdo\u011frular\u201dla besleyemedi\u011finiz, <strong>d\u00fcnya g\u00f6r\u00fc\u015f\u00fc ve ahl\u00e2k tel\u00e2kkisi<\/strong> veremedi\u011finiz nesiller ne yaz\u0131k ki kar\u015f\u0131m\u0131za bir <strong>terminat\u00f6r<\/strong> olarak \u00e7\u0131kacak!<\/p>\n<p>Ruhunu dolduramad\u0131\u011f\u0131n\u0131z\/doyuramad\u0131\u011f\u0131n\u0131z gen\u00e7li\u011fin bedeni isyan ve intihar olarak geri d\u00f6necektir!<\/p>\n<p>Fuzul\u00ee gibi sadece fery\u00e2d m\u0131 edelim?<\/p>\n<p><strong><em>\u201cDerd \u00e7ok, hemdert yok, d\u00fc\u015fman kav\u00ee, tali\u2019 zebun!\u201d<\/em><\/strong><\/p>\n<p>Kaybettik\u2026. Kaybediyoruz\u2026 \u00c7\u00f6z\u00fcl\u00fcyoruz, \u00e7\u00fcr\u00fcyoruz, eriyoruz!<\/p>\n<p>Facia kar\u015f\u0131s\u0131nda, nelere sahip oldu\u011fumuzu anlayamad\u0131\u011f\u0131m\u0131z i\u00e7in neleri kaybetti\u011fimizin de fark\u0131nda de\u011filiz! T\u0131pk\u0131 <strong><em>\u201cg\u00fcne\u015fi ceketinin astar\u0131nda kaybetmi\u015f\u201d<\/em><\/strong> bedbahtlar gibi!<\/p>\n<p>B\u00fcnyemiz fel\u00e7 sinyalleri veriyor. \u00c7\u00fcnk\u00fc gen\u00e7 neslin \u015fu <strong>\u00fc\u00e7<\/strong> <strong>ana damar\u0131 t\u0131kand\u0131:<\/strong><\/p>\n<ul>\n<li><strong>\u0130tikat,<\/strong><\/li>\n<li><strong>Fikir,<\/strong><\/li>\n<li><strong>Ahl\u00e2k.<\/strong><\/li>\n<\/ul>\n<p>Bu sinyale ald\u0131r\u0131\u015f eden yok, sinyali do\u011fru okuyan yok!<\/p>\n<p>\u00dcstad\u2019\u0131n\u00a0 \u0130deolocya \u00d6rg\u00fcs\u00fc\u2019nde \u201cGen\u00e7 Adam!\u201da sesleni\u015fine kulak verelim:<\/p>\n<p><strong><em>\u201cSana s\u00fcrd\u00fcr\u00fclen bu kaba ve nefsani hayat\u0131n \u00f6tesine, varl\u0131k sebebine, hakikatlerin hakikatine ait uyand\u0131r\u0131c\u0131 telkinler, senden c\u00fczzam illeti gibi ka\u00e7\u0131r\u0131lm\u0131\u015f, sana l\u00e2\u015fe gibi g\u00f6sterilmi\u015ftir. \u0130nsano\u011flunun biricik meselesi olan sonsuzluk i\u015ftiyak\u0131 ve onun ahl\u00e2k\u0131, ya\u015fanmaya de\u011fer hayat\u0131n hesab\u0131 ve onun duygu ve d\u00fc\u015f\u00fcnce \u00f6l\u00e7\u00fcleri, onlarca sebze hallerinin s\u00fcpr\u00fcnt\u00fc e\u015fyas\u0131d\u0131r.<\/em><\/strong><\/p>\n<p><strong><em>Bunlar sende, dima\u011f\u00ee cihaz\u0131 ki\u015fni\u015f \u015fekerinin tanesi kadar k\u00fc\u00e7\u00fclt\u00fcp, haz\u0131m ve tenas\u00fcl cihazlar\u0131n\u0131 alabildi\u011fine elektriklendirmekten ve urla\u015ft\u0131rmaktan ba\u015fka yol takip etmediler. Bu gidi\u015fi g\u00f6r\u00fcp seni tezg\u00e2ha \u00e7ekecek ve beyninle taban\u0131n aras\u0131 b\u00fcy\u00fck ruh imar\u0131na t\u00e2bi tutacak bir rejim de hi\u00e7bir g\u00fcn kurulmad\u0131.<\/em><\/strong><\/p>\n<p><strong><em>Sen yaln\u0131z d\u00fc\u015f\u00fcn!<\/em><\/strong><\/p>\n<p><strong><em>Su\u00e7 senin de\u011fildir!<\/em><\/strong><\/p>\n<p><strong><em>Su\u00e7u irca edece\u011fin v\u00e2hitleri d\u00fc\u015f\u00fcn!\u201d<\/em><\/strong><\/p>\n<p>\u0130\u015fte b\u00fct\u00fcn mesele!<\/p>\n<p>Ba\u015fl\u0131\u011f\u0131m\u0131zdaki <strong>\u201cBir nesli nas\u0131l mahvettiler?\u201d<\/strong>, 1940\u2019larda CHP iktidar\u0131n\u0131n mahvetti\u011fi bir neslin \u0131st\u0131rab\u0131n\u0131 y\u00fcre\u011finde hisseden rahmetli Osman Y\u00fcksel Serdenge\u00e7ti\u2019nin kitab\u0131n\u0131n ismi. Yetmi\u015f k\u00fcs\u00fcr y\u0131l sonra tekrar ayn\u0131 c\u00fcmleyi tekrarlamamak i\u00e7in (ge\u00e7 kal\u0131nsa da) <em>\u201cvakit o kadar ge\u00e7 ki erken sayabiliriz\u201d<\/em> hikmetince i\u015f ba\u015f\u0131na!<\/p>\n<p>Peki \u00e7are?<\/p>\n<p>Uzakla\u015ft\u0131\u011f\u0131m\u0131z, yabanc\u0131la\u015ft\u0131\u011f\u0131m\u0131z, terk etti\u011fimiz ve giderek tan\u0131yamad\u0131\u011f\u0131m\u0131z <strong>\u201cevimize geri d\u00f6nmek, temellerini sarsmadan yeniden in\u015fa etmek!\u201d\u00a0<\/strong><\/p>\n<\/div>\n<\/div>\n<\/div>\n","protected":false},"excerpt":{"rendered":"<p>Sen yaln\u0131z d\u00fc\u015f\u00fcn!Su\u00e7 senin de\u011fildir!Su\u00e7u irca edece\u011fin v\u00e2hitleri d\u00fc\u015f\u00fcn! \u00d6nce \u00dcstad Necip Faz\u0131l\u2019\u0131n \u201cT\u00fcrkiye\u2019nin Manzaras\u0131\u201d isimli kitab\u0131ndaki \u201c\u015euursuz A\u00e7l\u0131k\u201d ba\u015fl\u0131kl\u0131 yaz\u0131s\u0131ndan bir b\u00f6l\u00fcm alal\u0131m, sonra i\u015fin \u201cni\u00e7in?\u201dine de\u011finelim. \u201cB\u00fcy\u00fck Frans\u0131z \u0130htil\u00e2li\u2019nin bin bir ruh\u00ee ve i\u00e7tima\u00ee sebebi aras\u0131nda d\u0131\u015f ve ana m\u00fcessir a\u00e7l\u0131kt\u0131r. T\u0131pk\u0131 maddeyle ruh m\u00fcnasebeti halinde, \u00f6b\u00fcr sebepleri a\u00e7\u0131\u011fa vuran a\u00e7l\u0131k\u2026 16\u2019nc\u0131 Lui, &hellip;<\/p>\n","protected":false},"author":3,"featured_media":48521,"comment_status":"open","ping_status":"open","sticky":false,"template":"","format":"standard","meta":{"om_disable_all_campaigns":false,"_themeisle_gutenberg_block_has_review":false,"_joinchat":[],"footnotes":""},"categories":[38,50,43],"tags":[],"class_list":["post-13210","post","type-post","status-publish","format-standard","has-post-thumbnail","","category-guncel","category-yahya","category-yazarlar"],"_links":{"self":[{"href":"https:\/\/akincilardergisi.com\/tr\/wp-json\/wp\/v2\/posts\/13210","targetHints":{"allow":["GET"]}}],"collection":[{"href":"https:\/\/akincilardergisi.com\/tr\/wp-json\/wp\/v2\/posts"}],"about":[{"href":"https:\/\/akincilardergisi.com\/tr\/wp-json\/wp\/v2\/types\/post"}],"author":[{"embeddable":true,"href":"https:\/\/akincilardergisi.com\/tr\/wp-json\/wp\/v2\/users\/3"}],"replies":[{"embeddable":true,"href":"https:\/\/akincilardergisi.com\/tr\/wp-json\/wp\/v2\/comments?post=13210"}],"version-history":[{"count":0,"href":"https:\/\/akincilardergisi.com\/tr\/wp-json\/wp\/v2\/posts\/13210\/revisions"}],"wp:featuredmedia":[{"embeddable":true,"href":"https:\/\/akincilardergisi.com\/tr\/wp-json\/wp\/v2\/media\/48521"}],"wp:attachment":[{"href":"https:\/\/akincilardergisi.com\/tr\/wp-json\/wp\/v2\/media?parent=13210"}],"wp:term":[{"taxonomy":"category","embeddable":true,"href":"https:\/\/akincilardergisi.com\/tr\/wp-json\/wp\/v2\/categories?post=13210"},{"taxonomy":"post_tag","embeddable":true,"href":"https:\/\/akincilardergisi.com\/tr\/wp-json\/wp\/v2\/tags?post=13210"}],"curies":[{"name":"wp","href":"https:\/\/api.w.org\/{rel}","templated":true}]}}