{"id":12411,"date":"2016-05-15T01:55:06","date_gmt":"2016-05-14T22:55:06","guid":{"rendered":"http:\/\/akincilardergisi.com\/dergi\/?p=12411"},"modified":"2023-11-05T13:26:30","modified_gmt":"2023-11-05T10:26:30","slug":"12411-2","status":"publish","type":"post","link":"https:\/\/akincilardergisi.com\/tr\/12411-2\/","title":{"rendered":"BU S\u0130STEM \u015eART!!!"},"content":{"rendered":"<p>Say\u0131n Ba\u015fbakan Davuto\u011flu\u2019nun 22 may\u0131sta yap\u0131lacak olan kongrede aday olmayaca\u011f\u0131n\u0131 a\u00e7\u0131klamas\u0131n\u0131n ard\u0131ndan mevcut sistemi tart\u0131\u015fma noktas\u0131nda yeni boyutlar yer almaya ba\u015flad\u0131. Asl\u0131nda sorun Cumhurba\u015fkan\u0131 ve Ba\u015fbakan aras\u0131nda de\u011fildir, sorun sistemden kaynakl\u0131d\u0131r. Bunu \u00f6nceki siyasiler aras\u0131nda da g\u00f6rd\u00fck. Ancak Tayyip Erdo\u011fan ve Ahmet Davuto\u011flu iki medeni insan gibi konu\u015ftular, bu konu\u015fman\u0131n ard\u0131ndan da Davuto\u011flu aday olmayaca\u011f\u0131n\u0131 a\u00e7\u0131klad\u0131.<\/p>\n<p>\u015eimdi siz parlamenter sistemin i\u00e7erisindeki yap\u0131ya bakt\u0131\u011f\u0131n\u0131z zaman \u015funu g\u00f6r\u00fcrs\u00fcn\u00fcz: Partiler se\u00e7ime giriyor ve bir parti en fazla oyu olarak iktidara geliyor. Bak\u0131n biz partileri se\u00e7iyoruz diyorum, milletvekillerini de\u011fil! Milletvekillerini parti ba\u015fkanlar\u0131 belirliyor. Yani burada belirlenen milletvekilleri halka kar\u015f\u0131 hi\u00e7bir sorumluluk hissetmeyecek, parti ba\u015fkan\u0131na kar\u015f\u0131 sorumluluk hissedecek. \u015eunu da s\u00f6yleyelim hatta \u015fimdiki sistemde se\u00e7ilen milletvekillerini halk bilmiyor bile. Bizi kimler temsil ediyor, isteklerimiz yerine getiriliyor mu diye bilme imkanlar\u0131 bile olmuyor.<\/p>\n<p>Bir \u015feyi daha hat\u0131rlatal\u0131m burada. E\u011fer yolsuzluklar oluyorsa, adam kay\u0131rma oluyorsa bu sistem y\u00fcz\u00fcndendir. Bug\u00fcn devletimizin ba\u015f\u0131nda olan bir insana tek adam olmak istiyor, saltanat geri gelecek, \u015feriat geri gelecek diye itham edenlere \u015funu s\u00f6ylemek laz\u0131m. Kimsenin rejimle bir sorunu yoktur. Sorun bu sistemin ortaya \u00e7\u0131kard\u0131\u011f\u0131 iki ba\u015fl\u0131l\u0131k ve bu iki ba\u015fl\u0131l\u0131\u011f\u0131n i\u00e7ine itti\u011fi anla\u015fmazl\u0131kt\u0131r. Bu ba\u015fta K\u0131l\u0131\u00e7daro\u011flu olsa da ge\u00e7erlidir, Bah\u00e7eli de olsa ge\u00e7erlidir. Sistem zaten itiyor sizi buna.<\/p>\n<p>Ba\u015fkanl\u0131k sisteminde ne olacak? Dar b\u00f6lge se\u00e7im sisteminden bahsedelim biraz. Diyelim ki \u0130stanbul il\u00e7esi Zeytinburnu\u2019nun n\u00fcfusu 800 bin. Burada 4 ayr\u0131 se\u00e7im b\u00f6lgesi olu\u015fturulacak ve her parti bu d\u00f6rt b\u00f6lgeden milletvekili belirleyecektir. Ne oldu burada? Bir il\u00e7e d\u00f6rt ayr\u0131 b\u00f6lgeye b\u00f6l\u00fcnd\u00fc, bu b\u00f6lgelerde tan\u0131nan, bilinen, sevilen ve b\u00f6lgenin ihtiya\u00e7lar\u0131n\u0131 mecliste en iyi savunabilecek milletvekilleri se\u00e7ilmi\u015f oldu. Dar b\u00f6lge se\u00e7im sistemi budur.<\/p>\n<p>\u0130ki turlu olmas\u0131 ise en \u00e7ok oy alan partinin bir hafta sonra yeniden se\u00e7ime girmesi anlam\u0131na gelir. Milletvekilleri meclise bu \u015fekilde g\u00f6nderilir. Millet vekili Parlamenter Sistemdeki gibi milletvekilleri kendilerini parti liderine de\u011fil kendini se\u00e7ip g\u00f6nderen halka kar\u015f\u0131 sorumlu hissedecektir.<\/p>\n<p>NOT: Aradaki fark \u015fudur ki baz\u0131 zihinler bu sistemin gelmesini kan \u00e7\u0131karmakta bulur. Bunlar akl\u0131 evveldir, bu \u015fekilde \u00e7\u00f6z\u00fcm bulacaklar\u0131n\u0131 zannederler. Baz\u0131 zihinler ise akl\u0131 asridir, \u00e7\u00f6z\u00fcm\u00fc \u00e7a\u011f\u0131n gerektirdiklerinde bulur. Kimsenin rejimle bir sorunu yoktur. Bu sistem AK PART\u0130N\u0130N sorunu de\u011fil T\u00fcrkiye\u2019nin sorunudur. Tayyip Erdo\u011fan da fanidir, ondan sonraki nesiller i\u00e7indir bu sorunun \u00e7\u00f6z\u00fcm meselesi. O y\u00fczden hep birlikte bu co\u011frafyan\u0131n bir otuz elli y\u0131l daha bocalamamas\u0131 i\u00e7in bu sistem \u015fartt\u0131r.<\/p>\n<p>Selam ve dua ile\u2026 \u0130brahim Yavuz<\/p>\n","protected":false},"excerpt":{"rendered":"<p>Say\u0131n Ba\u015fbakan Davuto\u011flu\u2019nun 22 may\u0131sta yap\u0131lacak olan kongrede aday olmayaca\u011f\u0131n\u0131 a\u00e7\u0131klamas\u0131n\u0131n ard\u0131ndan mevcut sistemi tart\u0131\u015fma noktas\u0131nda yeni boyutlar yer almaya ba\u015flad\u0131. Asl\u0131nda sorun Cumhurba\u015fkan\u0131 ve Ba\u015fbakan aras\u0131nda de\u011fildir, sorun sistemden kaynakl\u0131d\u0131r. Bunu \u00f6nceki siyasiler aras\u0131nda da g\u00f6rd\u00fck. Ancak Tayyip Erdo\u011fan ve Ahmet Davuto\u011flu iki medeni insan gibi konu\u015ftular, bu konu\u015fman\u0131n ard\u0131ndan da Davuto\u011flu aday olmayaca\u011f\u0131n\u0131 &hellip;<\/p>\n","protected":false},"author":20,"featured_media":48521,"comment_status":"open","ping_status":"open","sticky":false,"template":"","format":"standard","meta":{"om_disable_all_campaigns":false,"_themeisle_gutenberg_block_has_review":false,"_joinchat":[],"footnotes":""},"categories":[1,57,43],"tags":[],"class_list":["post-12411","post","type-post","status-publish","format-standard","has-post-thumbnail","","category-genel","category-ibrahim","category-yazarlar"],"_links":{"self":[{"href":"https:\/\/akincilardergisi.com\/tr\/wp-json\/wp\/v2\/posts\/12411","targetHints":{"allow":["GET"]}}],"collection":[{"href":"https:\/\/akincilardergisi.com\/tr\/wp-json\/wp\/v2\/posts"}],"about":[{"href":"https:\/\/akincilardergisi.com\/tr\/wp-json\/wp\/v2\/types\/post"}],"author":[{"embeddable":true,"href":"https:\/\/akincilardergisi.com\/tr\/wp-json\/wp\/v2\/users\/20"}],"replies":[{"embeddable":true,"href":"https:\/\/akincilardergisi.com\/tr\/wp-json\/wp\/v2\/comments?post=12411"}],"version-history":[{"count":0,"href":"https:\/\/akincilardergisi.com\/tr\/wp-json\/wp\/v2\/posts\/12411\/revisions"}],"wp:featuredmedia":[{"embeddable":true,"href":"https:\/\/akincilardergisi.com\/tr\/wp-json\/wp\/v2\/media\/48521"}],"wp:attachment":[{"href":"https:\/\/akincilardergisi.com\/tr\/wp-json\/wp\/v2\/media?parent=12411"}],"wp:term":[{"taxonomy":"category","embeddable":true,"href":"https:\/\/akincilardergisi.com\/tr\/wp-json\/wp\/v2\/categories?post=12411"},{"taxonomy":"post_tag","embeddable":true,"href":"https:\/\/akincilardergisi.com\/tr\/wp-json\/wp\/v2\/tags?post=12411"}],"curies":[{"name":"wp","href":"https:\/\/api.w.org\/{rel}","templated":true}]}}