{"id":11843,"date":"2016-04-10T00:13:29","date_gmt":"2016-04-09T21:13:29","guid":{"rendered":"http:\/\/akincilardergisi.com\/dergi\/?p=11843"},"modified":"2023-11-05T13:26:32","modified_gmt":"2023-11-05T10:26:32","slug":"11843-2","status":"publish","type":"post","link":"https:\/\/akincilardergisi.com\/tr\/11843-2\/","title":{"rendered":"Ferasetsiz bir partinin ferasetsizli\u011fi"},"content":{"rendered":"<p>Nereden gireyim olaya inan\u0131n bilmiyorum. Bir ana muhalefet partisinden bahsediyoruz, T\u00fcrkiye Cumhuriyetinin en k\u00f6kl\u00fc partisinden hem de. \u015eu husus belirtmeden ge\u00e7emeyece\u011fim.\u00a0 CHP\u2019nin bu \u00fclkede iktidar y\u00fcz\u00fc g\u00f6rememesinin en \u00f6nemli nedeni s\u00f6zde parti g\u00f6r\u00fc\u015f ve felsefesinin bu \u00fclkenin dokular\u0131yla uyu\u015fmamas\u0131d\u0131r. Yani Mustafa Kemal kalk\u0131p gelse ne der \u00e7ok merak ediyorum. Mustafa Kemal\u2019de milliyet\u00e7i damar\u0131 vard\u0131. Yani ak\u0131l al\u0131r gibi de\u011fil! Koskoca bir partinin felsefesi bu \u00fclkenin de\u011ferlerine ayk\u0131r\u0131, bu milletle uyu\u015fmayan bir yap\u0131ya sahip olabilir mi?<\/p>\n<p>Bu \u00fclkenin bakan\u0131na, milyonlarca insan\u0131n oyuyla se\u00e7ilip de gelmi\u015f bir bakan\u0131na hem de a\u011fza al\u0131nmayacak laflar beyan etmek hangi parti ba\u015fkan\u0131nda g\u00f6r\u00fclm\u00fc\u015f g\u00f6z\u00fcn\u00fc sevdi\u011fim. Buradan bir kad\u0131na s\u00f6ylenen bu al\u00e7ak s\u00f6yleme kar\u015f\u0131 \u00e7\u0131kmay\u0131p, genel ba\u015fkanlar\u0131n\u0131n laf\u0131n\u0131n arkas\u0131nda duran kad\u0131nlara da seslenmek laz\u0131m. Yani \u015fimdi siz bunlar\u0131n neresinden tutacaks\u0131n\u0131z da alacaks\u0131n\u0131z kar\u015f\u0131n\u0131za bununla konu\u015facaks\u0131n\u0131z bilmem ne edeceksiniz. Bu m\u00fcmk\u00fcn de\u011fil.<\/p>\n<p>Ac\u0131yorum koskoca T\u00fcrkiye Cumhuriyet Halk Partisi\u2019nin partisinin bu durumda olmas\u0131na. Baz\u0131 devlet adamlar\u0131n\u0131n ahmakl\u0131\u011f\u0131 y\u00fcz\u00fcnden bug\u00fcn bu haldeyiz. Hem bu milletin ekme\u011fini yiyeceksiniz, hem de bu milletin de\u011ferlerine\u00a0ayk\u0131r\u0131 hareket edip d\u0131\u015far\u0131ya kar\u015f\u0131 onu k\u00f6t\u00fc lanse edeceksin.<\/p>\n<p>Ya karde\u015fim gel de sinirlenme. Zaten d\u00f6rt bir taraf\u0131m\u0131z cad\u0131 kazan\u0131 gibi. Bir de d\u0131\u015f mihraklar\u0131n bu \u00fclkenin par\u00e7alanmaya \u00e7al\u0131\u015f\u0131lmas\u0131na i\u00e7imizdeki basiretsiz adamlar\u0131n \u00e7anak tuttu\u011funu g\u00f6rd\u00fck\u00e7e akl\u0131 yitirmemek elde de\u011fil. Bu topraklardan ba\u015fka gidecek yerimiz yok diye diye dilde t\u00fcy kalmad\u0131. Sanki bu millet yok olup gidince kendileri atlas yorganlarda, Avrupa\u2019n\u0131n en kral yerlerinde yatacaklar\u0131n\u0131 zannediyorlar. Lanet olsun sizin ideolojik d\u00fcnyan\u0131za\u2026<\/p>\n<p>Laf\u0131n ucu yine nereye vard\u0131. S\u00f6ylenecek o kadar \u015fey var ki buralara s\u0131\u011fd\u0131rmak m\u00fcmk\u00fcn de\u011fil. Devam&#8230; G\u00fcndemdeki bir di\u011fer mesele vatanda\u015fl\u0131ktan \u00e7\u0131karma! Acilen hayata ge\u00e7irilmesi laz\u0131m. Zaten ruh ve beyin olarak kendilerini bu \u00fclkenin insanlar\u0131na lay\u0131k g\u00f6rm\u00fcyorlar. Ba\u015fka vatanda\u015fl\u0131k pe\u015findeler. Hem de onlara bu ama\u00e7lar\u0131nda yard\u0131mc\u0131 olunmu\u015f olunur\u2026 Bak\u0131n! Fransa bunu gayet de iyi uyguluyor. Art\u0131k bunlara prim vererek bu \u00fclkeyi i\u00e7e hapsedip d\u0131\u015f meselelerde devlet oyalanmam\u0131\u015f olur. Bu t\u00fcr insanlar\u0131n T.C vatanda\u015f\u0131 kimli\u011fimi ta\u015f\u0131mas\u0131na izin vererek en b\u00fcy\u00fck ihanet yap\u0131lm\u0131\u015f olunur.<\/p>\n<p>Siz bo\u015f verin yine bu milletin sab\u0131r limiti her zaman y\u00fcksek olmu\u015ftur. Allah bu milleti hala i\u00e7imizde bu k\u0131r\u0131nt\u0131 oldu\u011fu i\u00e7in ayakta tutmaktad\u0131r. Bak\u0131n sabr\u0131n sonu selamete gidere do\u011fru gidiyoruz. \u0130n\u015fallah bu millet bunun da \u00fcstesinden gelecektir. Sonunda kazanan yine mazlumlar d\u00fcnyas\u0131 olacakt\u0131r. ARTIK D\u0130LLERE PELESENK OLMAKTAN \u00d6TEYE G\u0130TMEZ ESK\u0130 KAFAYLA DEVAM EDERSEK.<\/p>\n<p>Allah devletimize ve milletimize zeval vermesin devletimizi ve milletimiz her daim korusun in\u015fallah. SELAM VE DUA \u0130LE\u2026 \u0130BRAH\u0130M YAVUZ<\/p>\n","protected":false},"excerpt":{"rendered":"<p>Nereden gireyim olaya inan\u0131n bilmiyorum. Bir ana muhalefet partisinden bahsediyoruz, T\u00fcrkiye Cumhuriyetinin en k\u00f6kl\u00fc partisinden hem de. \u015eu husus belirtmeden ge\u00e7emeyece\u011fim.\u00a0 CHP\u2019nin bu \u00fclkede iktidar y\u00fcz\u00fc g\u00f6rememesinin en \u00f6nemli nedeni s\u00f6zde parti g\u00f6r\u00fc\u015f ve felsefesinin bu \u00fclkenin dokular\u0131yla uyu\u015fmamas\u0131d\u0131r. Yani Mustafa Kemal kalk\u0131p gelse ne der \u00e7ok merak ediyorum. Mustafa Kemal\u2019de milliyet\u00e7i damar\u0131 vard\u0131. Yani &hellip;<\/p>\n","protected":false},"author":20,"featured_media":48521,"comment_status":"open","ping_status":"open","sticky":false,"template":"","format":"standard","meta":{"om_disable_all_campaigns":false,"_themeisle_gutenberg_block_has_review":false,"_joinchat":[],"footnotes":""},"categories":[38,57,43],"tags":[],"class_list":["post-11843","post","type-post","status-publish","format-standard","has-post-thumbnail","","category-guncel","category-ibrahim","category-yazarlar"],"_links":{"self":[{"href":"https:\/\/akincilardergisi.com\/tr\/wp-json\/wp\/v2\/posts\/11843","targetHints":{"allow":["GET"]}}],"collection":[{"href":"https:\/\/akincilardergisi.com\/tr\/wp-json\/wp\/v2\/posts"}],"about":[{"href":"https:\/\/akincilardergisi.com\/tr\/wp-json\/wp\/v2\/types\/post"}],"author":[{"embeddable":true,"href":"https:\/\/akincilardergisi.com\/tr\/wp-json\/wp\/v2\/users\/20"}],"replies":[{"embeddable":true,"href":"https:\/\/akincilardergisi.com\/tr\/wp-json\/wp\/v2\/comments?post=11843"}],"version-history":[{"count":0,"href":"https:\/\/akincilardergisi.com\/tr\/wp-json\/wp\/v2\/posts\/11843\/revisions"}],"wp:featuredmedia":[{"embeddable":true,"href":"https:\/\/akincilardergisi.com\/tr\/wp-json\/wp\/v2\/media\/48521"}],"wp:attachment":[{"href":"https:\/\/akincilardergisi.com\/tr\/wp-json\/wp\/v2\/media?parent=11843"}],"wp:term":[{"taxonomy":"category","embeddable":true,"href":"https:\/\/akincilardergisi.com\/tr\/wp-json\/wp\/v2\/categories?post=11843"},{"taxonomy":"post_tag","embeddable":true,"href":"https:\/\/akincilardergisi.com\/tr\/wp-json\/wp\/v2\/tags?post=11843"}],"curies":[{"name":"wp","href":"https:\/\/api.w.org\/{rel}","templated":true}]}}