{"id":11551,"date":"2016-03-22T01:39:34","date_gmt":"2016-03-21T23:39:34","guid":{"rendered":"http:\/\/akincilardergisi.com\/dergi\/?p=11551"},"modified":"2023-11-05T13:26:32","modified_gmt":"2023-11-05T10:26:32","slug":"bir-canakkale-anisi-ii","status":"publish","type":"post","link":"https:\/\/akincilardergisi.com\/tr\/bir-canakkale-anisi-ii\/","title":{"rendered":"B\u0130R \u00c7ANAKKALE ANISI\u2026 II"},"content":{"rendered":"<p>&nbsp;<\/p>\n<p><b>\u00a0\u00a0\u00a0\u00a0\u00a0 <\/b>Evet d\u00fcn kald\u0131\u011f\u0131m\u0131z yerden devam edelim. Conkbay\u0131r\u0131 ziyaretimizi tamamlad\u0131ktan sonra 2012 y\u0131l\u0131nda a\u00e7\u0131lan \u00c7ANAKKALE DESTANI TANITIM MERKEZ\u0130NE ge\u00e7iyoruz. Bence gerek mevkisi a\u00e7\u0131s\u0131ndan gerekse i\u00e7eri\u011fi a\u00e7\u0131s\u0131ndan \u00e7ok iyi tasarlanm\u0131\u015f bir tan\u0131t\u0131m. \u0130lk \u00f6nce yakla\u015f\u0131k bir saat s\u00fcren, 11 ayr\u0131 odada yakla\u015f\u0131k be\u015fer dakikal\u0131k b\u00f6l\u00fcmlerden olu\u015fan tan\u0131t\u0131m videolar\u0131n\u0131 izliyoruz. \u0130tilaf devletlerinin plan\u0131n\u0131n nas\u0131l yap\u0131ld\u0131\u011f\u0131ndan ba\u015flayarak \u00c7anakkale\u2019nin nas\u0131l ele ge\u00e7irilece\u011fi ve oradan da \u0130stanbul Bo\u011faz\u0131na nas\u0131l var\u0131laca\u011f\u0131n\u0131n yol haritas\u0131 anlat\u0131l\u0131yor. Her b\u00f6l\u00fcmde sanki o an\u0131 canl\u0131 bir \u015fekilde ya\u015f\u0131yormu\u015fsunuz izlenimi verilmi\u015f. Odalar\u0131n dekorasyonu anlat\u0131lan b\u00f6l\u00fcmlerdeki geli\u015fmelere paralel olarak muazzam bir \u015fekilde dizayn edilmi\u015f.<\/p>\n<p>Bu bir saatlik \u00c7anakkale Destan\u0131 Tan\u0131t\u0131m\u0131n\u0131 izledikten sonra sava\u015ftan kalma e\u015fyalar\u0131, malzemeleri vs. g\u00f6r\u00fcyoruz. Bir tarafta bir Anzak askerinin kulland\u0131\u011f\u0131 \u00fcniforma ve el bombalar\u0131, bir tarafta orijinal t\u00fcfekler\u2026 Yaral\u0131lar i\u00e7in kullan\u0131lan ila\u00e7lar. Mustafa Kemal\u2019in kullanm\u0131\u015f oldu\u011fu ayakkab\u0131s\u0131, kullan\u0131lan mermiler, Anzaklar\u0131n hendek kazarken kulland\u0131klar\u0131 kazma ve k\u00fcrekler, Anzak askerlerine ait ayakkab\u0131lar vs. Tan\u0131t\u0131m program\u0131m\u0131z\u0131 burada tamamlay\u0131p art\u0131k ge\u00e7iyoruz \u00c7anakkale \u015eehitler Abidesine\u2026<\/p>\n<p>Buraya ilk geldi\u011fimizde bizi toplu olarak yap\u0131lm\u0131\u015f \u015fehitler mezarl\u0131\u011f\u0131 kar\u015f\u0131l\u0131yor. Yani asl\u0131nda bu mezarlar\u0131n alt\u0131nda \u015fehit yatm\u0131yor. Bu \u015fehit mezarlar\u0131 orada \u015fehit d\u00fc\u015fenleri temsilen yap\u0131lm\u0131\u015f. \u00c7\u00fcnk\u00fc \u015fehit say\u0131s\u0131 \u00e7ok ve tespit edilememi\u015f. \u015eu an orada yakla\u015f\u0131k atm\u0131\u015f bin civar\u0131nda \u015fehit yat\u0131yor. Bu her say\u0131mda revize ediliyor. \u015eehit say\u0131s\u0131n\u0131n \u00e7ok olmas\u0131ndan dolay\u0131 da tek tek mezar yap\u0131lmam\u0131\u015f, bir mezarda temsili olarak otuzalt\u0131 \u015fehit yaz\u0131lm\u0131\u015f. Hemen biraz ileride bir\u00e7ok d\u0131\u015far\u0131dan gelen askerlerimizin de yatt\u0131\u011f\u0131 b\u00f6l\u00fcm var.<\/p>\n<p>En ilgimi \u00e7ekenlerden bir tanesi de ortada tek ba\u015f\u0131na duran Me\u00e7hul Asker mezar\u0131. Bu mezar\u0131n hikayesi k\u0131saca \u015f\u00f6yle; Bir Anzak askeri taraf\u0131ndan Avustralya\u2019ya g\u00f6t\u00fcr\u00fclen T\u00fcrk askerinin kafatas\u0131, y\u0131llarca orada mumyalanm\u0131\u015f \u015fekilde bekletilmi\u015f, bu Anzak askeri bundan m\u00fcteessir olmu\u015f, pi\u015fman olmu\u015f ve torununa bunu bir vesile ile geri g\u00f6nderin diye tembih etmi\u015f. 18 Mart 2003 tarihinde resmi t\u00f6renle defnedilmi\u015ftir.<\/p>\n<p>Ve geliyoruz abidenin oldu\u011fu yere. Kar\u015f\u0131s\u0131nda Sedd\u00fclbahir, \u00e7apraz\u0131nda \u00c7anakkale Bo\u011faz\u0131\u2026 Hengamenin koptu\u011fu yer. O devasa abidenin \u00fczerinde bir \u015fey dikkatimizi \u00e7ekti. Rehber hocam\u0131z m\u00fcthi\u015f bir \u015fekilde anlat\u0131yor: Bir hende\u011fin i\u00e7inde d\u00f6rt asker s\u0131ralanm\u0131\u015f, en \u00f6ndeki asker d\u00fc\u015fmana silah do\u011frultmu\u015f, arkas\u0131ndaki asker ayakta dikiliyor\u2026 En g\u00fczeli de ne biliyor musunuz! Bir asker de onlar\u0131n arkas\u0131nda namaz\u0131n\u0131 eda ediyor. Bizim sava\u015f\u0131 kazanmam\u0131zdaki en b\u00fcy\u00fck varl\u0131\u011f\u0131m\u0131z; Allah\u2019a olan inanc\u0131m\u0131zla, abdestsiz gezmeyen askerlerimizle, iman g\u00fcc\u00fcm\u00fczle bu sava\u015f\u0131 kazanmam\u0131zd\u0131r.<\/p>\n<p>B\u00fct\u00fcn heybetiyle selam \u00e7ak\u0131yor d\u00fc\u015fmana. Resmen \u015f\u00f6yle diyor: Buras\u0131 dingonun ah\u0131r\u0131 m\u0131! Buray\u0131 ge\u00e7meniz i\u00e7in bizi de\u011fil iman\u0131m\u0131z\u0131 yok etmeniz gerek. Allah\u2019a olan inanc\u0131m\u0131zla, Hz. Peygambere olan misyon borcumuzla, birbirimize olan sayg\u0131m\u0131zla \u00c7ANAKKALE GE\u00c7\u0130LMEZ! Bu misyon \u00fczerimizde olduk\u00e7a, biz biz olduk\u00e7a kimse bizi Allah\u2019\u0131n g\u00fcc\u00fcyle de tarih sahnesinden silemez\u2026 Bu duygu ve d\u00fc\u015f\u00fcncelerle d\u00fcn de yaz\u0131mda belirtti\u011fim gibi \u00c7anakkale\u2019yi kutlam\u0131yor, SAYGIYLA ANIYORUM.Allah devletimize ve milletimize zeval vermesin in\u015fallah. Selam ve dua ile\u2026<\/p>\n<p>\u0130brahim Yavuz<\/p>\n","protected":false},"excerpt":{"rendered":"<p>&nbsp; \u00a0\u00a0\u00a0\u00a0\u00a0 Evet d\u00fcn kald\u0131\u011f\u0131m\u0131z yerden devam edelim. Conkbay\u0131r\u0131 ziyaretimizi tamamlad\u0131ktan sonra 2012 y\u0131l\u0131nda a\u00e7\u0131lan \u00c7ANAKKALE DESTANI TANITIM MERKEZ\u0130NE ge\u00e7iyoruz. Bence gerek mevkisi a\u00e7\u0131s\u0131ndan gerekse i\u00e7eri\u011fi a\u00e7\u0131s\u0131ndan \u00e7ok iyi tasarlanm\u0131\u015f bir tan\u0131t\u0131m. \u0130lk \u00f6nce yakla\u015f\u0131k bir saat s\u00fcren, 11 ayr\u0131 odada yakla\u015f\u0131k be\u015fer dakikal\u0131k b\u00f6l\u00fcmlerden olu\u015fan tan\u0131t\u0131m videolar\u0131n\u0131 izliyoruz. \u0130tilaf devletlerinin plan\u0131n\u0131n nas\u0131l yap\u0131ld\u0131\u011f\u0131ndan ba\u015flayarak &hellip;<\/p>\n","protected":false},"author":20,"featured_media":48521,"comment_status":"open","ping_status":"open","sticky":false,"template":"","format":"standard","meta":{"om_disable_all_campaigns":false,"_themeisle_gutenberg_block_has_review":false,"_joinchat":[],"footnotes":""},"categories":[1,38,57,43],"tags":[],"class_list":["post-11551","post","type-post","status-publish","format-standard","has-post-thumbnail","","category-genel","category-guncel","category-ibrahim","category-yazarlar"],"_links":{"self":[{"href":"https:\/\/akincilardergisi.com\/tr\/wp-json\/wp\/v2\/posts\/11551","targetHints":{"allow":["GET"]}}],"collection":[{"href":"https:\/\/akincilardergisi.com\/tr\/wp-json\/wp\/v2\/posts"}],"about":[{"href":"https:\/\/akincilardergisi.com\/tr\/wp-json\/wp\/v2\/types\/post"}],"author":[{"embeddable":true,"href":"https:\/\/akincilardergisi.com\/tr\/wp-json\/wp\/v2\/users\/20"}],"replies":[{"embeddable":true,"href":"https:\/\/akincilardergisi.com\/tr\/wp-json\/wp\/v2\/comments?post=11551"}],"version-history":[{"count":0,"href":"https:\/\/akincilardergisi.com\/tr\/wp-json\/wp\/v2\/posts\/11551\/revisions"}],"wp:featuredmedia":[{"embeddable":true,"href":"https:\/\/akincilardergisi.com\/tr\/wp-json\/wp\/v2\/media\/48521"}],"wp:attachment":[{"href":"https:\/\/akincilardergisi.com\/tr\/wp-json\/wp\/v2\/media?parent=11551"}],"wp:term":[{"taxonomy":"category","embeddable":true,"href":"https:\/\/akincilardergisi.com\/tr\/wp-json\/wp\/v2\/categories?post=11551"},{"taxonomy":"post_tag","embeddable":true,"href":"https:\/\/akincilardergisi.com\/tr\/wp-json\/wp\/v2\/tags?post=11551"}],"curies":[{"name":"wp","href":"https:\/\/api.w.org\/{rel}","templated":true}]}}