{"id":11520,"date":"2016-03-22T01:09:11","date_gmt":"2016-03-21T23:09:11","guid":{"rendered":"http:\/\/akincilardergisi.com\/dergi\/?p=11520"},"modified":"2023-11-07T15:59:26","modified_gmt":"2023-11-07T12:59:26","slug":"11520-2","status":"publish","type":"post","link":"https:\/\/akincilardergisi.com\/tr\/11520-2\/","title":{"rendered":"BA\u015e\u00c7AR\u015eI\u2019DA SALINAN BOSNA\u2019NIN Y\u0130\u011e\u0130T KIZLARI"},"content":{"rendered":"<p>1990\u2019l\u0131 y\u0131llar\u0131n ba\u015flar\u0131yd\u0131. Bosna halk\u0131 ac\u0131mas\u0131z bir sava\u015fla kar\u015f\u0131 kar\u015f\u0131ya kalm\u0131\u015ft\u0131. Bir yanda S\u0131rplar, di\u011fer yandan H\u0131rvatlar sald\u0131r\u0131yor.. savunmas\u0131z Bosna halk\u0131 top yekun bir katliamla kar\u015f\u0131 kar\u015f\u0131ya gelmi\u015f bulunuyordu. S\u0131rplar arkalar\u0131na Rusya\u2019y\u0131, H\u0131rvatlar Almanya\u2019y\u0131 alarak Bosna topraklar\u0131nda ilerlemekteydiler. \u0130ngiltere vb. di\u011fer \u00fclkeler de S\u0131rp ve H\u0131rvat katillerine \u2018\u2019Yapmay\u0131n! Etmeyin&#8230;\u2019\u2019 Falan diyor ama el alt\u0131ndan \u2018\u2019Bu i\u015fi amma uzatt\u0131n\u0131z haa\u2026 Bitirecekseniz bitirin art\u0131k. Avrupa\u2019da M\u00fcsl\u00fcman bir \u00fclke istemiyoruz\u2019\u2019 f\u0131s\u0131lt\u0131lar\u0131 Ar\u015f-\u0131 Alada yank\u0131lan\u0131yordu. Nitekim Bir ara fazla a\u00e7\u0131k vermemek i\u00e7in S\u0131rplara yap\u0131lan yard\u0131m kesilir gibi olunca\u2026 S\u0131rp \u00e7etelerinin komuta kademesi  Avrupa\u2019ya:  \u2018\u2019Biz burada sizin ad\u0131n\u0131za \u2013Etnik temizlik- yap\u0131yoruz, siz bize yard\u0131m etmiyorsunuz\u2019\u2019 diye sitem etmeye ba\u015flam\u0131\u015flard\u0131. <\/p>\n<p>Bu s\u0131rada T\u00fcm d\u00fcnya M\u00fcsl\u00fcmanlar\u0131 gibi bizim de g\u00f6z\u00fcm\u00fcz kula\u011f\u0131m\u0131z, g\u00f6nl\u00fcm\u00fcz Bosna\u2019dayd\u0131. Bir g\u00fcn Yanl\u0131\u015f hat\u0131rlam\u0131yorsam Frans\u0131z bir bayan gazeteci, Saraybosna\u2019ya nas\u0131l ula\u015fm\u0131\u015fsa ula\u015fm\u0131\u015f; oradaki gen\u00e7 k\u0131z ve han\u0131mlarla r\u00f6portaj yapm\u0131\u015ft\u0131.  (O g\u00fcnk\u00fc \u015fartlarda Bosna\u2019n\u0131n ba\u015fkenti Saraybosna\u2019ya girmek kolay de\u011fildi. \u015eehrin etraf\u0131 S\u0131rp keskin ni\u015fanc\u0131lar\u0131 ve sava\u015f makinalar\u0131 ile ku\u015fat\u0131lm\u0131\u015f vaziyette bulunuyordu) <\/p>\n<p>\u2018\u2019Sava\u015f psikolojinizi nas\u0131l bozdu\u2026\u2019\u2019  Gibi rutin sorular bittikten sonra, kad\u0131n gazeteci hallerine ac\u0131m\u0131\u015f bir \u015fekilde son soruyu soruyor: &#8211; En \u00e7ok neye ihtiyac\u0131n\u0131z var? Ne g\u00f6ndermemi istersiniz? &#8211; Makyaj vb. s\u00fcs malzemeleri istiyoruz. &#8211; !!!??? &#8211; Evet. Makyaj malzemesi istiyoruz. &#8211; Peki ama neden? Bu \u015fartlarda en \u00f6nemli ihtiyac\u0131n\u0131z bu mu? &#8211; Hay\u0131r! Bu de\u011fil ama\u2026 \u2018\u2019S\u0131rplar Bizim moralimizi bozmak i\u00e7in ellerinden geleni yap\u0131yor. Ezmek, esir almak <\/p>\n<p>istiyorlar. Hay\u0131r! Asla esir olmayaca\u011f\u0131z. Biz h\u00fcr\u00fcz\u2026 S\u00fcslenece\u011fimiz malzemeler g\u00f6nderin. En g\u00fczel elbiselerimizi giyecek, Ba\u015f\u00e7ar\u015f\u0131\u2019da bir boydan bir boya y\u00fcr\u00fcyecek onlardan korkmad\u0131\u011f\u0131m\u0131z\u0131 g\u00f6sterece\u011fiz. -Y\u0131k\u0131lmad\u0131k, ayaktay\u0131z ve size meydan okuyoruz- diyece\u011fiz. Milletimize en b\u00fcy\u00fck arma\u011fan\u0131m\u0131z bu olsun\u2019\u2019 <\/p>\n<p>Bir Frans\u0131z bu duyguyu anlar m\u0131 bilmem ama biz \u00e7ok iyi anlad\u0131k. Zaten \u00f6yle oldu\u011fu i\u00e7in S\u0131rplar Bo\u015fnaklara \u2018\u2019T\u00fcrkler!\u2019\u2019 diyor ya\u2026 <\/p>\n<p>Bosna Sava\u015f\u0131n\u0131n kazan\u0131lmas\u0131nda\u2026 Keskin ni\u015fanc\u0131lar\u0131n hedefi olaca\u011f\u0131n\u0131 bilerek, Ba\u015f\u00e7ar\u015f\u0131\u2019da Bir boydan bir boya sal\u0131narak y\u00fcr\u00fcyen o k\u0131zlar\u0131n katk\u0131s\u0131 b\u00fcy\u00fckt\u00fcr. <\/p>\n<p>\u0130ST\u0130KLAL CADDES\u0130 \u015eimdi s\u0131ra bizde&#8230;  Ter\u00f6rden korkmad\u0131\u011f\u0131m\u0131z\u0131 g\u00f6sterece\u011fiz. Bizi esir almak isteyenlere kar\u015f\u0131 direnece\u011fiz. G\u00fcnl\u00fck hayat\u0131m\u0131z\u0131 nas\u0131l ya\u015f\u0131yorsak aynen ya\u015famaya devam edece\u011fiz. Unutmayal\u0131m ki,  Kaderimizde ne varsa onu ya\u015fayacak ve ki\u015fi \u00f6lece\u011fi yere bir \u015fekilde gidece\u011fini bilece\u011fiz. <\/p>\n<p>Emin Batur <\/p>\n","protected":false},"excerpt":{"rendered":"<p>1990\u2019l\u0131 y\u0131llar\u0131n ba\u015flar\u0131yd\u0131. Bosna halk\u0131 ac\u0131mas\u0131z bir sava\u015fla kar\u015f\u0131 kar\u015f\u0131ya kalm\u0131\u015ft\u0131. Bir yanda S\u0131rplar, di\u011fer yandan H\u0131rvatlar sald\u0131r\u0131yor.. savunmas\u0131z Bosna halk\u0131 top yekun bir katliamla kar\u015f\u0131 kar\u015f\u0131ya gelmi\u015f bulunuyordu. S\u0131rplar arkalar\u0131na Rusya\u2019y\u0131, H\u0131rvatlar Almanya\u2019y\u0131 alarak Bosna topraklar\u0131nda ilerlemekteydiler. \u0130ngiltere vb. di\u011fer \u00fclkeler de S\u0131rp ve H\u0131rvat katillerine \u2018\u2019Yapmay\u0131n! Etmeyin&#8230;\u2019\u2019 Falan diyor ama el alt\u0131ndan \u2018\u2019Bu &hellip;<\/p>\n","protected":false},"author":14,"featured_media":48521,"comment_status":"open","ping_status":"open","sticky":false,"template":"","format":"standard","meta":{"om_disable_all_campaigns":false,"_themeisle_gutenberg_block_has_review":false,"_joinchat":[],"footnotes":""},"categories":[56,38,43],"tags":[],"class_list":["post-11520","post","type-post","status-publish","format-standard","has-post-thumbnail","","category-emin","category-guncel","category-yazarlar"],"_links":{"self":[{"href":"https:\/\/akincilardergisi.com\/tr\/wp-json\/wp\/v2\/posts\/11520","targetHints":{"allow":["GET"]}}],"collection":[{"href":"https:\/\/akincilardergisi.com\/tr\/wp-json\/wp\/v2\/posts"}],"about":[{"href":"https:\/\/akincilardergisi.com\/tr\/wp-json\/wp\/v2\/types\/post"}],"author":[{"embeddable":true,"href":"https:\/\/akincilardergisi.com\/tr\/wp-json\/wp\/v2\/users\/14"}],"replies":[{"embeddable":true,"href":"https:\/\/akincilardergisi.com\/tr\/wp-json\/wp\/v2\/comments?post=11520"}],"version-history":[{"count":0,"href":"https:\/\/akincilardergisi.com\/tr\/wp-json\/wp\/v2\/posts\/11520\/revisions"}],"wp:featuredmedia":[{"embeddable":true,"href":"https:\/\/akincilardergisi.com\/tr\/wp-json\/wp\/v2\/media\/48521"}],"wp:attachment":[{"href":"https:\/\/akincilardergisi.com\/tr\/wp-json\/wp\/v2\/media?parent=11520"}],"wp:term":[{"taxonomy":"category","embeddable":true,"href":"https:\/\/akincilardergisi.com\/tr\/wp-json\/wp\/v2\/categories?post=11520"},{"taxonomy":"post_tag","embeddable":true,"href":"https:\/\/akincilardergisi.com\/tr\/wp-json\/wp\/v2\/tags?post=11520"}],"curies":[{"name":"wp","href":"https:\/\/api.w.org\/{rel}","templated":true}]}}