{"id":10882,"date":"2016-02-22T09:05:24","date_gmt":"2016-02-22T07:05:24","guid":{"rendered":"http:\/\/akincilardergisi.com\/dergi\/?p=10882"},"modified":"2023-11-07T15:59:28","modified_gmt":"2023-11-07T12:59:28","slug":"10882-2","status":"publish","type":"post","link":"https:\/\/akincilardergisi.com\/tr\/10882-2\/","title":{"rendered":"BU \u0130\u015eTE B\u0130R B\u0130T YEN\u0130\u011e\u0130 VAR. AMA NE?"},"content":{"rendered":"<p>Herhalde toz duman yat\u0131\u015ft\u0131\u011f\u0131nda \u00f6\u011freniriz.<br \/>\nS\u00f6zc\u00fc gazetesi<br \/>\n50.300 a\u011fac\u0131n kesilece\u011fini ve bunun iktidar taraf\u0131ndan sakland\u0131\u011f\u0131n\u0131 s\u00f6yl\u00fcyor.<br \/>\nAncak<br \/>\nArtvin Orman B\u00f6lge M\u00fcd\u00fcrl\u00fc\u011f\u00fcn\u00fcn \u00c7ED raporunda bu rakam var.<br \/>\nYani ortada saklanacak bir \u015fey yok.<br \/>\nAma<br \/>\nS\u00f6zc\u00fc gazetesi ajitasyon vazifesi gere\u011fi sanki bu rakam saklan\u0131yormu\u015f gibi i\u015fi abartarak veriyor.<br \/>\nHalbuki<br \/>\nTMMOB un yay\u0131nlad\u0131\u011f\u0131 Cerattepe raporunun 2.5.2 nolu a\u00e7\u0131klamas\u0131nda bu rakam Orman B\u00f6lge M\u00fcd\u00fcrl\u00fc\u011f\u00fcnden al\u0131nd\u0131\u011f\u0131 gibi yaz\u0131lm\u0131\u015f.<\/p>\n<p>Ben \u015fahsen Veysel Ero\u011flu&#8217;nu tan\u0131yan biri olarak kesilecek bu a\u011fa\u00e7lardan \u00e7ok daha fazlas\u0131n\u0131 dikece\u011fine inan\u0131yorum.<\/p>\n<p>Asl\u0131nda<br \/>\nMedya ve Sivil Toplum \u00d6rg\u00fctleri<br \/>\n\u00c7\u0131kar\u0131lacak madenin Kesinlikle &#8221;A\u00e7\u0131k ocak i\u015fletmesi&#8221; \u015feklinde yap\u0131lmamas\u0131<br \/>\nBunun yerine<br \/>\n&#8221;Yeralt\u0131 \u00fcretim y\u00f6ntemiyle&#8221; yap\u0131lmas\u0131 i\u00e7in h\u00fckumetten s\u00f6z al\u0131p bu i\u015fi fazla t\u0131rmand\u0131rmasalar daha iyi olur.<br \/>\nAma<br \/>\nNiyet h\u00fckumeti zor durumda b\u0131rakmak ise o zaman bu i\u015fin i\u00e7inde bit yeni\u011fi arar\u0131m.<\/p>\n<p>S\u00f6zc\u00fc her zaman oldu\u011fu gibi, acaba \u015fimdi de kimin\u00a0s\u00f6zc\u00fcl\u00fc\u011f\u00fcn\u00fc yap\u0131yor, hangi fitnenin ate\u015fine odun ta\u015f\u0131yor g\u00f6rece\u011fiz.<\/p>\n","protected":false},"excerpt":{"rendered":"<p>Herhalde toz duman yat\u0131\u015ft\u0131\u011f\u0131nda \u00f6\u011freniriz. S\u00f6zc\u00fc gazetesi 50.300 a\u011fac\u0131n kesilece\u011fini ve bunun iktidar taraf\u0131ndan sakland\u0131\u011f\u0131n\u0131 s\u00f6yl\u00fcyor. Ancak Artvin Orman B\u00f6lge M\u00fcd\u00fcrl\u00fc\u011f\u00fcn\u00fcn \u00c7ED raporunda bu rakam var. Yani ortada saklanacak bir \u015fey yok. Ama S\u00f6zc\u00fc gazetesi ajitasyon vazifesi gere\u011fi sanki bu rakam saklan\u0131yormu\u015f gibi i\u015fi abartarak veriyor. Halbuki TMMOB un yay\u0131nlad\u0131\u011f\u0131 Cerattepe raporunun 2.5.2 nolu a\u00e7\u0131klamas\u0131nda &hellip;<\/p>\n","protected":false},"author":14,"featured_media":48521,"comment_status":"open","ping_status":"open","sticky":false,"template":"","format":"standard","meta":{"om_disable_all_campaigns":false,"_themeisle_gutenberg_block_has_review":false,"_joinchat":[],"footnotes":""},"categories":[56,1,43],"tags":[],"class_list":["post-10882","post","type-post","status-publish","format-standard","has-post-thumbnail","","category-emin","category-genel","category-yazarlar"],"_links":{"self":[{"href":"https:\/\/akincilardergisi.com\/tr\/wp-json\/wp\/v2\/posts\/10882","targetHints":{"allow":["GET"]}}],"collection":[{"href":"https:\/\/akincilardergisi.com\/tr\/wp-json\/wp\/v2\/posts"}],"about":[{"href":"https:\/\/akincilardergisi.com\/tr\/wp-json\/wp\/v2\/types\/post"}],"author":[{"embeddable":true,"href":"https:\/\/akincilardergisi.com\/tr\/wp-json\/wp\/v2\/users\/14"}],"replies":[{"embeddable":true,"href":"https:\/\/akincilardergisi.com\/tr\/wp-json\/wp\/v2\/comments?post=10882"}],"version-history":[{"count":0,"href":"https:\/\/akincilardergisi.com\/tr\/wp-json\/wp\/v2\/posts\/10882\/revisions"}],"wp:featuredmedia":[{"embeddable":true,"href":"https:\/\/akincilardergisi.com\/tr\/wp-json\/wp\/v2\/media\/48521"}],"wp:attachment":[{"href":"https:\/\/akincilardergisi.com\/tr\/wp-json\/wp\/v2\/media?parent=10882"}],"wp:term":[{"taxonomy":"category","embeddable":true,"href":"https:\/\/akincilardergisi.com\/tr\/wp-json\/wp\/v2\/categories?post=10882"},{"taxonomy":"post_tag","embeddable":true,"href":"https:\/\/akincilardergisi.com\/tr\/wp-json\/wp\/v2\/tags?post=10882"}],"curies":[{"name":"wp","href":"https:\/\/api.w.org\/{rel}","templated":true}]}}